{"id":89,"date":"2025-10-22T17:18:29","date_gmt":"2025-10-22T15:18:29","guid":{"rendered":"https:\/\/torino.photos\/today\/?p=89"},"modified":"2025-10-22T19:17:03","modified_gmt":"2025-10-22T17:17:03","slug":"litalia-riduce-la-poverta-cancellando-i-poveri-dal-registro","status":"publish","type":"post","link":"https:\/\/torino.photos\/today\/2025\/10\/litalia-riduce-la-poverta-cancellando-i-poveri-dal-registro\/","title":{"rendered":"L\u2019Italia riduce la povert\u00e0\u2026 cancellando i poveri dal registro"},"content":{"rendered":"\n<figure class=\"wp-block-image size-full\"><img loading=\"lazy\" decoding=\"async\" width=\"600\" height=\"450\" src=\"https:\/\/torino.photos\/today\/images\/2025\/10\/CovPubDSC_2159.jpg\" alt=\"\" class=\"wp-image-96\" srcset=\"https:\/\/torino.photos\/today\/images\/2025\/10\/CovPubDSC_2159.jpg 600w, https:\/\/torino.photos\/today\/images\/2025\/10\/CovPubDSC_2159-300x225.jpg 300w\" sizes=\"auto, (max-width: 600px) 100vw, 600px\" \/><\/figure>\n\n\n\n<p class=\"p1\">La povert\u00e0, in Italia, sembra aver trovato un nuovo manuale di stile: si riduce quando si smette di contarla. Con la sostituzione del Reddito di Cittadinanza con l\u2019Assegno di Inclusione (ADI), il governo ha parlato di \u201criforma responsabile\u201d. Caritas, invece, lo definisce per quello che \u00e8: esclusione istituzionale.<\/p>\n\n\n\n<p class=\"p1\">Il rapporto annuale di Caritas Italiana \u00e8 impietoso. I beneficiari del nuovo sussidio si sono ridotti tra il 40% e il 47%. In numeri umani, centinaia di migliaia di famiglie sono rimaste fuori dal radar dell\u2019assistenza pubblica. E, come se non bastasse, i pi\u00f9 colpiti sono gli stranieri, gi\u00e0 penalizzati da condizioni abitative e lavorative precarie.<\/p>\n\n\n\n<p class=\"p1\">Il trucco burocratico \u00e8 stato semplice: ridefinire chi \u201cmerita\u201d aiuto. Ora accedono solo gli over 67, i disabili e le famiglie con figli minori. Tutti gli altri \u2014 lavoratori poveri, disoccupati giovani, migranti \u2014 non rientrano pi\u00f9 nel copione della \u201cvulnerabilit\u00e0 approvata\u201d.<\/p>\n\n\n\n<p class=\"p1\">Nel frattempo, le parrocchie della Caritas si trasformano in supermercati d\u2019emergenza. Pacchi di pasta, bollette non pagate, quaderni per i figli: la povert\u00e0 torna a passare dalla porta della sacrestia. Ci\u00f2 che prima era rete sociale, oggi \u00e8 elemosina di sopravvivenza.<\/p>\n\n\n\n<p class=\"p1\">La contraddizione \u00e8 tutta italiana: il Paese che ha inventato il diritto romano e l\u2019umanesimo rinascimentale \u00e8, nel 2025, l\u2019unico in Europa senza un reddito minimo universale. N\u00e9 Nord n\u00e9 Sud: la mappa della fame \u00e8 ormai nazionale.<\/p>\n\n\n\n<p class=\"p1\">Il governo promette che l\u2019ADI \u201cfavorir\u00e0 la responsabilit\u00e0 e il lavoro\u201d. Caritas risponde con i fatti: i corsi di formazione sono simbolici, gli inserimenti lavorativi pochi, e lo scoraggiamento contagioso.<\/p>\n\n\n\n<p class=\"p1\">Cos\u00ec si scrive la nuova aritmetica sociale italiana: meno poveri nelle statistiche, pi\u00f9 poveri nelle strade. Un miracolo contabile degno di canonizzazione amministrativa.<\/p>\n\n\n\n<p><\/p>\n\n\n\n<p>\ud83d\udd25\u270d\ufe0f \u00a92025&nbsp; Il Ciabattino del Vero<\/p>\n\n\n\n<p><\/p>\n\n\n<p><small>\u00a9\ufe0f2025  Guzzo Photos  &#038; Graphic Publications \u2013 All Rights Reserved \u2013 Copyright \u00a9\ufe0f 2025 SalaStampa.eu, world press service \u2013 Guzzo Photos &#038; Graphic Publications \u2013 Registro Editori e Stampatori n. 1441 Turin, Italy<\/small><\/p>\n\n\n<p><\/p>\n","protected":false},"excerpt":{"rendered":"<p>Caritas denuncia che il nuovo Assegno di Inclusione, bandiera sociale del governo Meloni, ha escluso il 40% dei beneficiari del vecchio sistema. Meno aiuti, pi\u00f9 code alle parrocchie. Il miracolo dell\u2019inclusione che esclude.<\/p>\n","protected":false},"author":3,"featured_media":91,"comment_status":"closed","ping_status":"closed","sticky":false,"template":"","format":"standard","meta":{"footnotes":""},"categories":[7],"tags":[],"class_list":["post-89","post","type-post","status-publish","format-standard","has-post-thumbnail","hentry","category-cronaca-urbana","entry"],"yoast_head":"<!-- This site is optimized with the Yoast SEO plugin v27.5 - https:\/\/yoast.com\/product\/yoast-seo-wordpress\/ -->\n<title>L\u2019Italia riduce la povert\u00e0\u2026 cancellando i poveri dal registro - Torino Photos<\/title>\n<meta name=\"robots\" content=\"index, follow, max-snippet:-1, max-image-preview:large, max-video-preview:-1\" \/>\n<link rel=\"canonical\" href=\"https:\/\/torino.photos\/today\/2025\/10\/litalia-riduce-la-poverta-cancellando-i-poveri-dal-registro\/\" \/>\n<meta property=\"og:locale\" content=\"it_IT\" \/>\n<meta property=\"og:type\" content=\"article\" \/>\n<meta property=\"og:title\" content=\"L\u2019Italia riduce la povert\u00e0\u2026 cancellando i poveri dal registro - Torino Photos\" \/>\n<meta property=\"og:description\" content=\"Caritas denuncia che il nuovo Assegno di Inclusione, bandiera sociale del governo Meloni, ha escluso il 40% dei beneficiari del vecchio sistema. Meno aiuti, pi\u00f9 code alle parrocchie. Il miracolo dell\u2019inclusione che esclude.\" \/>\n<meta property=\"og:url\" content=\"https:\/\/torino.photos\/today\/2025\/10\/litalia-riduce-la-poverta-cancellando-i-poveri-dal-registro\/\" \/>\n<meta property=\"og:site_name\" content=\"Torino Photos\" \/>\n<meta property=\"article:published_time\" content=\"2025-10-22T15:18:29+00:00\" \/>\n<meta property=\"article:modified_time\" content=\"2025-10-22T17:17:03+00:00\" \/>\n<meta property=\"og:image\" content=\"https:\/\/torino.photos\/today\/images\/2025\/10\/img_0847.jpg\" \/>\n\t<meta property=\"og:image:width\" content=\"600\" \/>\n\t<meta property=\"og:image:height\" content=\"400\" \/>\n\t<meta property=\"og:image:type\" content=\"image\/jpeg\" \/>\n<meta name=\"author\" content=\"Il Ciabattino del Vero\" \/>\n<meta name=\"twitter:card\" content=\"summary_large_image\" \/>\n<meta name=\"twitter:label1\" content=\"Scritto da\" \/>\n\t<meta name=\"twitter:data1\" content=\"Il Ciabattino del Vero\" \/>\n\t<meta name=\"twitter:label2\" content=\"Tempo di lettura stimato\" \/>\n\t<meta name=\"twitter:data2\" content=\"3 minuti\" \/>\n<script type=\"application\/ld+json\" class=\"yoast-schema-graph\">{\"@context\":\"https:\\\/\\\/schema.org\",\"@graph\":[{\"@type\":\"Article\",\"@id\":\"https:\\\/\\\/torino.photos\\\/today\\\/2025\\\/10\\\/litalia-riduce-la-poverta-cancellando-i-poveri-dal-registro\\\/#article\",\"isPartOf\":{\"@id\":\"https:\\\/\\\/torino.photos\\\/today\\\/2025\\\/10\\\/litalia-riduce-la-poverta-cancellando-i-poveri-dal-registro\\\/\"},\"author\":{\"name\":\"Il Ciabattino del Vero\",\"@id\":\"https:\\\/\\\/torino.photos\\\/today\\\/#\\\/schema\\\/person\\\/053aaa4f5522f344c52b15d22dbdb274\"},\"headline\":\"L\u2019Italia riduce la povert\u00e0\u2026 cancellando i poveri dal registro\",\"datePublished\":\"2025-10-22T15:18:29+00:00\",\"dateModified\":\"2025-10-22T17:17:03+00:00\",\"mainEntityOfPage\":{\"@id\":\"https:\\\/\\\/torino.photos\\\/today\\\/2025\\\/10\\\/litalia-riduce-la-poverta-cancellando-i-poveri-dal-registro\\\/\"},\"wordCount\":310,\"publisher\":{\"@id\":\"https:\\\/\\\/torino.photos\\\/today\\\/#organization\"},\"image\":{\"@id\":\"https:\\\/\\\/torino.photos\\\/today\\\/2025\\\/10\\\/litalia-riduce-la-poverta-cancellando-i-poveri-dal-registro\\\/#primaryimage\"},\"thumbnailUrl\":\"https:\\\/\\\/torino.photos\\\/today\\\/images\\\/2025\\\/10\\\/img_0847.jpg\",\"articleSection\":[\"Cronaca urbana\"],\"inLanguage\":\"it-IT\"},{\"@type\":\"WebPage\",\"@id\":\"https:\\\/\\\/torino.photos\\\/today\\\/2025\\\/10\\\/litalia-riduce-la-poverta-cancellando-i-poveri-dal-registro\\\/\",\"url\":\"https:\\\/\\\/torino.photos\\\/today\\\/2025\\\/10\\\/litalia-riduce-la-poverta-cancellando-i-poveri-dal-registro\\\/\",\"name\":\"L\u2019Italia riduce la povert\u00e0\u2026 cancellando i poveri dal registro - Torino Photos\",\"isPartOf\":{\"@id\":\"https:\\\/\\\/torino.photos\\\/today\\\/#website\"},\"primaryImageOfPage\":{\"@id\":\"https:\\\/\\\/torino.photos\\\/today\\\/2025\\\/10\\\/litalia-riduce-la-poverta-cancellando-i-poveri-dal-registro\\\/#primaryimage\"},\"image\":{\"@id\":\"https:\\\/\\\/torino.photos\\\/today\\\/2025\\\/10\\\/litalia-riduce-la-poverta-cancellando-i-poveri-dal-registro\\\/#primaryimage\"},\"thumbnailUrl\":\"https:\\\/\\\/torino.photos\\\/today\\\/images\\\/2025\\\/10\\\/img_0847.jpg\",\"datePublished\":\"2025-10-22T15:18:29+00:00\",\"dateModified\":\"2025-10-22T17:17:03+00:00\",\"breadcrumb\":{\"@id\":\"https:\\\/\\\/torino.photos\\\/today\\\/2025\\\/10\\\/litalia-riduce-la-poverta-cancellando-i-poveri-dal-registro\\\/#breadcrumb\"},\"inLanguage\":\"it-IT\",\"potentialAction\":[{\"@type\":\"ReadAction\",\"target\":[\"https:\\\/\\\/torino.photos\\\/today\\\/2025\\\/10\\\/litalia-riduce-la-poverta-cancellando-i-poveri-dal-registro\\\/\"]}]},{\"@type\":\"ImageObject\",\"inLanguage\":\"it-IT\",\"@id\":\"https:\\\/\\\/torino.photos\\\/today\\\/2025\\\/10\\\/litalia-riduce-la-poverta-cancellando-i-poveri-dal-registro\\\/#primaryimage\",\"url\":\"https:\\\/\\\/torino.photos\\\/today\\\/images\\\/2025\\\/10\\\/img_0847.jpg\",\"contentUrl\":\"https:\\\/\\\/torino.photos\\\/today\\\/images\\\/2025\\\/10\\\/img_0847.jpg\",\"width\":600,\"height\":400},{\"@type\":\"BreadcrumbList\",\"@id\":\"https:\\\/\\\/torino.photos\\\/today\\\/2025\\\/10\\\/litalia-riduce-la-poverta-cancellando-i-poveri-dal-registro\\\/#breadcrumb\",\"itemListElement\":[{\"@type\":\"ListItem\",\"position\":1,\"name\":\"Home\",\"item\":\"https:\\\/\\\/torino.photos\\\/today\\\/\"},{\"@type\":\"ListItem\",\"position\":2,\"name\":\"L\u2019Italia riduce la povert\u00e0\u2026 cancellando i poveri dal registro\"}]},{\"@type\":\"WebSite\",\"@id\":\"https:\\\/\\\/torino.photos\\\/today\\\/#website\",\"url\":\"https:\\\/\\\/torino.photos\\\/today\\\/\",\"name\":\"Torino Photos\",\"description\":\"Voci e immagini della citt\u00e0\",\"publisher\":{\"@id\":\"https:\\\/\\\/torino.photos\\\/today\\\/#organization\"},\"potentialAction\":[{\"@type\":\"SearchAction\",\"target\":{\"@type\":\"EntryPoint\",\"urlTemplate\":\"https:\\\/\\\/torino.photos\\\/today\\\/?s={search_term_string}\"},\"query-input\":{\"@type\":\"PropertyValueSpecification\",\"valueRequired\":true,\"valueName\":\"search_term_string\"}}],\"inLanguage\":\"it-IT\"},{\"@type\":\"Organization\",\"@id\":\"https:\\\/\\\/torino.photos\\\/today\\\/#organization\",\"name\":\"Guzzo Photos & Graphic Publications\",\"url\":\"https:\\\/\\\/torino.photos\\\/today\\\/\",\"logo\":{\"@type\":\"ImageObject\",\"inLanguage\":\"it-IT\",\"@id\":\"https:\\\/\\\/torino.photos\\\/today\\\/#\\\/schema\\\/logo\\\/image\\\/\",\"url\":\"https:\\\/\\\/torino.photos\\\/today\\\/images\\\/2025\\\/05\\\/favicon.png\",\"contentUrl\":\"https:\\\/\\\/torino.photos\\\/today\\\/images\\\/2025\\\/05\\\/favicon.png\",\"width\":402,\"height\":402,\"caption\":\"Guzzo Photos & Graphic Publications\"},\"image\":{\"@id\":\"https:\\\/\\\/torino.photos\\\/today\\\/#\\\/schema\\\/logo\\\/image\\\/\"}},{\"@type\":\"Person\",\"@id\":\"https:\\\/\\\/torino.photos\\\/today\\\/#\\\/schema\\\/person\\\/053aaa4f5522f344c52b15d22dbdb274\",\"name\":\"Il Ciabattino del Vero\",\"sameAs\":[\"https:\\\/\\\/torino.photos\"],\"url\":\"https:\\\/\\\/torino.photos\\\/today\\\/author\\\/il-ciabattino-del-vero\\\/\"}]}<\/script>\n<!-- \/ Yoast SEO plugin. -->","yoast_head_json":{"title":"L\u2019Italia riduce la povert\u00e0\u2026 cancellando i poveri dal registro - Torino Photos","robots":{"index":"index","follow":"follow","max-snippet":"max-snippet:-1","max-image-preview":"max-image-preview:large","max-video-preview":"max-video-preview:-1"},"canonical":"https:\/\/torino.photos\/today\/2025\/10\/litalia-riduce-la-poverta-cancellando-i-poveri-dal-registro\/","og_locale":"it_IT","og_type":"article","og_title":"L\u2019Italia riduce la povert\u00e0\u2026 cancellando i poveri dal registro - Torino Photos","og_description":"Caritas denuncia che il nuovo Assegno di Inclusione, bandiera sociale del governo Meloni, ha escluso il 40% dei beneficiari del vecchio sistema. Meno aiuti, pi\u00f9 code alle parrocchie. Il miracolo dell\u2019inclusione che esclude.","og_url":"https:\/\/torino.photos\/today\/2025\/10\/litalia-riduce-la-poverta-cancellando-i-poveri-dal-registro\/","og_site_name":"Torino Photos","article_published_time":"2025-10-22T15:18:29+00:00","article_modified_time":"2025-10-22T17:17:03+00:00","og_image":[{"width":600,"height":400,"url":"https:\/\/torino.photos\/today\/images\/2025\/10\/img_0847.jpg","type":"image\/jpeg"}],"author":"Il Ciabattino del Vero","twitter_card":"summary_large_image","twitter_misc":{"Scritto da":"Il Ciabattino del Vero","Tempo di lettura stimato":"3 minuti"},"schema":{"@context":"https:\/\/schema.org","@graph":[{"@type":"Article","@id":"https:\/\/torino.photos\/today\/2025\/10\/litalia-riduce-la-poverta-cancellando-i-poveri-dal-registro\/#article","isPartOf":{"@id":"https:\/\/torino.photos\/today\/2025\/10\/litalia-riduce-la-poverta-cancellando-i-poveri-dal-registro\/"},"author":{"name":"Il Ciabattino del Vero","@id":"https:\/\/torino.photos\/today\/#\/schema\/person\/053aaa4f5522f344c52b15d22dbdb274"},"headline":"L\u2019Italia riduce la povert\u00e0\u2026 cancellando i poveri dal registro","datePublished":"2025-10-22T15:18:29+00:00","dateModified":"2025-10-22T17:17:03+00:00","mainEntityOfPage":{"@id":"https:\/\/torino.photos\/today\/2025\/10\/litalia-riduce-la-poverta-cancellando-i-poveri-dal-registro\/"},"wordCount":310,"publisher":{"@id":"https:\/\/torino.photos\/today\/#organization"},"image":{"@id":"https:\/\/torino.photos\/today\/2025\/10\/litalia-riduce-la-poverta-cancellando-i-poveri-dal-registro\/#primaryimage"},"thumbnailUrl":"https:\/\/torino.photos\/today\/images\/2025\/10\/img_0847.jpg","articleSection":["Cronaca urbana"],"inLanguage":"it-IT"},{"@type":"WebPage","@id":"https:\/\/torino.photos\/today\/2025\/10\/litalia-riduce-la-poverta-cancellando-i-poveri-dal-registro\/","url":"https:\/\/torino.photos\/today\/2025\/10\/litalia-riduce-la-poverta-cancellando-i-poveri-dal-registro\/","name":"L\u2019Italia riduce la povert\u00e0\u2026 cancellando i poveri dal registro - Torino Photos","isPartOf":{"@id":"https:\/\/torino.photos\/today\/#website"},"primaryImageOfPage":{"@id":"https:\/\/torino.photos\/today\/2025\/10\/litalia-riduce-la-poverta-cancellando-i-poveri-dal-registro\/#primaryimage"},"image":{"@id":"https:\/\/torino.photos\/today\/2025\/10\/litalia-riduce-la-poverta-cancellando-i-poveri-dal-registro\/#primaryimage"},"thumbnailUrl":"https:\/\/torino.photos\/today\/images\/2025\/10\/img_0847.jpg","datePublished":"2025-10-22T15:18:29+00:00","dateModified":"2025-10-22T17:17:03+00:00","breadcrumb":{"@id":"https:\/\/torino.photos\/today\/2025\/10\/litalia-riduce-la-poverta-cancellando-i-poveri-dal-registro\/#breadcrumb"},"inLanguage":"it-IT","potentialAction":[{"@type":"ReadAction","target":["https:\/\/torino.photos\/today\/2025\/10\/litalia-riduce-la-poverta-cancellando-i-poveri-dal-registro\/"]}]},{"@type":"ImageObject","inLanguage":"it-IT","@id":"https:\/\/torino.photos\/today\/2025\/10\/litalia-riduce-la-poverta-cancellando-i-poveri-dal-registro\/#primaryimage","url":"https:\/\/torino.photos\/today\/images\/2025\/10\/img_0847.jpg","contentUrl":"https:\/\/torino.photos\/today\/images\/2025\/10\/img_0847.jpg","width":600,"height":400},{"@type":"BreadcrumbList","@id":"https:\/\/torino.photos\/today\/2025\/10\/litalia-riduce-la-poverta-cancellando-i-poveri-dal-registro\/#breadcrumb","itemListElement":[{"@type":"ListItem","position":1,"name":"Home","item":"https:\/\/torino.photos\/today\/"},{"@type":"ListItem","position":2,"name":"L\u2019Italia riduce la povert\u00e0\u2026 cancellando i poveri dal registro"}]},{"@type":"WebSite","@id":"https:\/\/torino.photos\/today\/#website","url":"https:\/\/torino.photos\/today\/","name":"Torino Photos","description":"Voci e immagini della citt\u00e0","publisher":{"@id":"https:\/\/torino.photos\/today\/#organization"},"potentialAction":[{"@type":"SearchAction","target":{"@type":"EntryPoint","urlTemplate":"https:\/\/torino.photos\/today\/?s={search_term_string}"},"query-input":{"@type":"PropertyValueSpecification","valueRequired":true,"valueName":"search_term_string"}}],"inLanguage":"it-IT"},{"@type":"Organization","@id":"https:\/\/torino.photos\/today\/#organization","name":"Guzzo Photos & Graphic Publications","url":"https:\/\/torino.photos\/today\/","logo":{"@type":"ImageObject","inLanguage":"it-IT","@id":"https:\/\/torino.photos\/today\/#\/schema\/logo\/image\/","url":"https:\/\/torino.photos\/today\/images\/2025\/05\/favicon.png","contentUrl":"https:\/\/torino.photos\/today\/images\/2025\/05\/favicon.png","width":402,"height":402,"caption":"Guzzo Photos & Graphic Publications"},"image":{"@id":"https:\/\/torino.photos\/today\/#\/schema\/logo\/image\/"}},{"@type":"Person","@id":"https:\/\/torino.photos\/today\/#\/schema\/person\/053aaa4f5522f344c52b15d22dbdb274","name":"Il Ciabattino del Vero","sameAs":["https:\/\/torino.photos"],"url":"https:\/\/torino.photos\/today\/author\/il-ciabattino-del-vero\/"}]}},"views":169,"_links":{"self":[{"href":"https:\/\/torino.photos\/today\/wp-json\/wp\/v2\/posts\/89","targetHints":{"allow":["GET"]}}],"collection":[{"href":"https:\/\/torino.photos\/today\/wp-json\/wp\/v2\/posts"}],"about":[{"href":"https:\/\/torino.photos\/today\/wp-json\/wp\/v2\/types\/post"}],"author":[{"embeddable":true,"href":"https:\/\/torino.photos\/today\/wp-json\/wp\/v2\/users\/3"}],"replies":[{"embeddable":true,"href":"https:\/\/torino.photos\/today\/wp-json\/wp\/v2\/comments?post=89"}],"version-history":[{"count":0,"href":"https:\/\/torino.photos\/today\/wp-json\/wp\/v2\/posts\/89\/revisions"}],"wp:featuredmedia":[{"embeddable":true,"href":"https:\/\/torino.photos\/today\/wp-json\/wp\/v2\/media\/91"}],"wp:attachment":[{"href":"https:\/\/torino.photos\/today\/wp-json\/wp\/v2\/media?parent=89"}],"wp:term":[{"taxonomy":"category","embeddable":true,"href":"https:\/\/torino.photos\/today\/wp-json\/wp\/v2\/categories?post=89"},{"taxonomy":"post_tag","embeddable":true,"href":"https:\/\/torino.photos\/today\/wp-json\/wp\/v2\/tags?post=89"}],"curies":[{"name":"wp","href":"https:\/\/api.w.org\/{rel}","templated":true}]}}