{"id":71,"date":"2025-09-22T13:02:15","date_gmt":"2025-09-22T11:02:15","guid":{"rendered":"https:\/\/torino.photos\/today\/?p=71"},"modified":"2025-09-22T13:03:29","modified_gmt":"2025-09-22T11:03:29","slug":"marginalita-in-periferia","status":"publish","type":"post","link":"https:\/\/torino.photos\/today\/2025\/09\/marginalita-in-periferia\/","title":{"rendered":"Marginalit\u00e0 in periferia"},"content":{"rendered":"\n<figure class=\"wp-block-image size-large\"><img loading=\"lazy\" decoding=\"async\" width=\"1024\" height=\"768\" src=\"https:\/\/torino.photos\/today\/images\/2025\/09\/990b52d0-3a7c-43bb-a8cb-7f23bd2ce603-1-1024x768.jpg\" alt=\"\" class=\"wp-image-74\" srcset=\"https:\/\/torino.photos\/today\/images\/2025\/09\/990b52d0-3a7c-43bb-a8cb-7f23bd2ce603-1-1024x768.jpg 1024w, https:\/\/torino.photos\/today\/images\/2025\/09\/990b52d0-3a7c-43bb-a8cb-7f23bd2ce603-1-300x225.jpg 300w, https:\/\/torino.photos\/today\/images\/2025\/09\/990b52d0-3a7c-43bb-a8cb-7f23bd2ce603-1-768x576.jpg 768w, https:\/\/torino.photos\/today\/images\/2025\/09\/990b52d0-3a7c-43bb-a8cb-7f23bd2ce603-1.jpg 1088w\" sizes=\"auto, (max-width: 1024px) 100vw, 1024px\" \/><\/figure>\n\n\n\n<p>\u201cIn una periferia qualunque, Torino rivela la sua fragilit\u00e0 lontano dai palchi ufficiali: due giovani rimasti ai margini, esclusi da un sistema di accoglienza che promette integrazione ma non offre lavoro n\u00e9 dignit\u00e0. \u00c8 la citt\u00e0 che parla anche attraverso le sue crepe, dove la quotidianit\u00e0 diventa denuncia silenziosa.\u201d<\/p>\n\n\n\n<p><small>\u00a92025 &#8220;Il Ciabattino del Vero&#8221; \u2013 All Rights Reserved &#8211; Copyright \u00a9 2025 Torino.photos \/ SalaStampa.eu, world press service &#8211; Guzzo Photos &amp; Graphic Publications \u2013 Registro Editori e Stampatori n. 1441 Turin, Italy<\/small><\/p>\n","protected":false},"excerpt":{"rendered":"<p> Conseguenza di un sistema di accoglienza sovraffollato.<\/p>\n","protected":false},"author":3,"featured_media":74,"comment_status":"closed","ping_status":"closed","sticky":false,"template":"","format":"standard","meta":{"footnotes":""},"categories":[4,7],"tags":[],"class_list":["post-71","post","type-post","status-publish","format-standard","has-post-thumbnail","hentry","category-blogdiario","category-cronaca-urbana","entry"],"yoast_head":"<!-- This site is optimized with the Yoast SEO plugin v27.5 - https:\/\/yoast.com\/product\/yoast-seo-wordpress\/ -->\n<title>Marginalit\u00e0 in periferia - Torino Photos<\/title>\n<meta name=\"robots\" content=\"index, follow, max-snippet:-1, max-image-preview:large, max-video-preview:-1\" \/>\n<link rel=\"canonical\" href=\"https:\/\/torino.photos\/today\/2025\/09\/marginalita-in-periferia\/\" \/>\n<meta property=\"og:locale\" content=\"it_IT\" \/>\n<meta property=\"og:type\" content=\"article\" \/>\n<meta property=\"og:title\" content=\"Marginalit\u00e0 in periferia - Torino Photos\" \/>\n<meta property=\"og:description\" content=\"Conseguenza di un sistema di accoglienza sovraffollato.\" \/>\n<meta property=\"og:url\" content=\"https:\/\/torino.photos\/today\/2025\/09\/marginalita-in-periferia\/\" \/>\n<meta property=\"og:site_name\" content=\"Torino Photos\" \/>\n<meta property=\"article:published_time\" content=\"2025-09-22T11:02:15+00:00\" \/>\n<meta property=\"article:modified_time\" content=\"2025-09-22T11:03:29+00:00\" \/>\n<meta property=\"og:image\" content=\"https:\/\/torino.photos\/today\/images\/2025\/09\/990b52d0-3a7c-43bb-a8cb-7f23bd2ce603-1.jpg\" \/>\n\t<meta property=\"og:image:width\" content=\"1088\" \/>\n\t<meta property=\"og:image:height\" content=\"816\" \/>\n\t<meta property=\"og:image:type\" content=\"image\/jpeg\" \/>\n<meta name=\"author\" content=\"Il Ciabattino del Vero\" \/>\n<meta name=\"twitter:card\" content=\"summary_large_image\" \/>\n<meta name=\"twitter:label1\" content=\"Scritto da\" \/>\n\t<meta name=\"twitter:data1\" content=\"Il Ciabattino del Vero\" \/>\n\t<meta name=\"twitter:label2\" content=\"Tempo di lettura stimato\" \/>\n\t<meta name=\"twitter:data2\" content=\"1 minuto\" \/>\n<script type=\"application\/ld+json\" class=\"yoast-schema-graph\">{\"@context\":\"https:\\\/\\\/schema.org\",\"@graph\":[{\"@type\":\"Article\",\"@id\":\"https:\\\/\\\/torino.photos\\\/today\\\/2025\\\/09\\\/marginalita-in-periferia\\\/#article\",\"isPartOf\":{\"@id\":\"https:\\\/\\\/torino.photos\\\/today\\\/2025\\\/09\\\/marginalita-in-periferia\\\/\"},\"author\":{\"name\":\"Il Ciabattino del Vero\",\"@id\":\"https:\\\/\\\/torino.photos\\\/today\\\/#\\\/schema\\\/person\\\/053aaa4f5522f344c52b15d22dbdb274\"},\"headline\":\"Marginalit\u00e0 in periferia\",\"datePublished\":\"2025-09-22T11:02:15+00:00\",\"dateModified\":\"2025-09-22T11:03:29+00:00\",\"mainEntityOfPage\":{\"@id\":\"https:\\\/\\\/torino.photos\\\/today\\\/2025\\\/09\\\/marginalita-in-periferia\\\/\"},\"wordCount\":80,\"publisher\":{\"@id\":\"https:\\\/\\\/torino.photos\\\/today\\\/#organization\"},\"image\":{\"@id\":\"https:\\\/\\\/torino.photos\\\/today\\\/2025\\\/09\\\/marginalita-in-periferia\\\/#primaryimage\"},\"thumbnailUrl\":\"https:\\\/\\\/torino.photos\\\/today\\\/images\\\/2025\\\/09\\\/990b52d0-3a7c-43bb-a8cb-7f23bd2ce603-1.jpg\",\"articleSection\":[\".\",\"Cronaca urbana\"],\"inLanguage\":\"it-IT\"},{\"@type\":\"WebPage\",\"@id\":\"https:\\\/\\\/torino.photos\\\/today\\\/2025\\\/09\\\/marginalita-in-periferia\\\/\",\"url\":\"https:\\\/\\\/torino.photos\\\/today\\\/2025\\\/09\\\/marginalita-in-periferia\\\/\",\"name\":\"Marginalit\u00e0 in periferia - Torino Photos\",\"isPartOf\":{\"@id\":\"https:\\\/\\\/torino.photos\\\/today\\\/#website\"},\"primaryImageOfPage\":{\"@id\":\"https:\\\/\\\/torino.photos\\\/today\\\/2025\\\/09\\\/marginalita-in-periferia\\\/#primaryimage\"},\"image\":{\"@id\":\"https:\\\/\\\/torino.photos\\\/today\\\/2025\\\/09\\\/marginalita-in-periferia\\\/#primaryimage\"},\"thumbnailUrl\":\"https:\\\/\\\/torino.photos\\\/today\\\/images\\\/2025\\\/09\\\/990b52d0-3a7c-43bb-a8cb-7f23bd2ce603-1.jpg\",\"datePublished\":\"2025-09-22T11:02:15+00:00\",\"dateModified\":\"2025-09-22T11:03:29+00:00\",\"breadcrumb\":{\"@id\":\"https:\\\/\\\/torino.photos\\\/today\\\/2025\\\/09\\\/marginalita-in-periferia\\\/#breadcrumb\"},\"inLanguage\":\"it-IT\",\"potentialAction\":[{\"@type\":\"ReadAction\",\"target\":[\"https:\\\/\\\/torino.photos\\\/today\\\/2025\\\/09\\\/marginalita-in-periferia\\\/\"]}]},{\"@type\":\"ImageObject\",\"inLanguage\":\"it-IT\",\"@id\":\"https:\\\/\\\/torino.photos\\\/today\\\/2025\\\/09\\\/marginalita-in-periferia\\\/#primaryimage\",\"url\":\"https:\\\/\\\/torino.photos\\\/today\\\/images\\\/2025\\\/09\\\/990b52d0-3a7c-43bb-a8cb-7f23bd2ce603-1.jpg\",\"contentUrl\":\"https:\\\/\\\/torino.photos\\\/today\\\/images\\\/2025\\\/09\\\/990b52d0-3a7c-43bb-a8cb-7f23bd2ce603-1.jpg\",\"width\":1088,\"height\":816},{\"@type\":\"BreadcrumbList\",\"@id\":\"https:\\\/\\\/torino.photos\\\/today\\\/2025\\\/09\\\/marginalita-in-periferia\\\/#breadcrumb\",\"itemListElement\":[{\"@type\":\"ListItem\",\"position\":1,\"name\":\"Home\",\"item\":\"https:\\\/\\\/torino.photos\\\/today\\\/\"},{\"@type\":\"ListItem\",\"position\":2,\"name\":\"Marginalit\u00e0 in periferia\"}]},{\"@type\":\"WebSite\",\"@id\":\"https:\\\/\\\/torino.photos\\\/today\\\/#website\",\"url\":\"https:\\\/\\\/torino.photos\\\/today\\\/\",\"name\":\"Torino Photos\",\"description\":\"Voci e immagini della citt\u00e0\",\"publisher\":{\"@id\":\"https:\\\/\\\/torino.photos\\\/today\\\/#organization\"},\"potentialAction\":[{\"@type\":\"SearchAction\",\"target\":{\"@type\":\"EntryPoint\",\"urlTemplate\":\"https:\\\/\\\/torino.photos\\\/today\\\/?s={search_term_string}\"},\"query-input\":{\"@type\":\"PropertyValueSpecification\",\"valueRequired\":true,\"valueName\":\"search_term_string\"}}],\"inLanguage\":\"it-IT\"},{\"@type\":\"Organization\",\"@id\":\"https:\\\/\\\/torino.photos\\\/today\\\/#organization\",\"name\":\"Guzzo Photos & Graphic Publications\",\"url\":\"https:\\\/\\\/torino.photos\\\/today\\\/\",\"logo\":{\"@type\":\"ImageObject\",\"inLanguage\":\"it-IT\",\"@id\":\"https:\\\/\\\/torino.photos\\\/today\\\/#\\\/schema\\\/logo\\\/image\\\/\",\"url\":\"https:\\\/\\\/torino.photos\\\/today\\\/images\\\/2025\\\/05\\\/favicon.png\",\"contentUrl\":\"https:\\\/\\\/torino.photos\\\/today\\\/images\\\/2025\\\/05\\\/favicon.png\",\"width\":402,\"height\":402,\"caption\":\"Guzzo Photos & Graphic Publications\"},\"image\":{\"@id\":\"https:\\\/\\\/torino.photos\\\/today\\\/#\\\/schema\\\/logo\\\/image\\\/\"}},{\"@type\":\"Person\",\"@id\":\"https:\\\/\\\/torino.photos\\\/today\\\/#\\\/schema\\\/person\\\/053aaa4f5522f344c52b15d22dbdb274\",\"name\":\"Il Ciabattino del Vero\",\"sameAs\":[\"https:\\\/\\\/torino.photos\"],\"url\":\"https:\\\/\\\/torino.photos\\\/today\\\/author\\\/il-ciabattino-del-vero\\\/\"}]}<\/script>\n<!-- \/ Yoast SEO plugin. -->","yoast_head_json":{"title":"Marginalit\u00e0 in periferia - Torino Photos","robots":{"index":"index","follow":"follow","max-snippet":"max-snippet:-1","max-image-preview":"max-image-preview:large","max-video-preview":"max-video-preview:-1"},"canonical":"https:\/\/torino.photos\/today\/2025\/09\/marginalita-in-periferia\/","og_locale":"it_IT","og_type":"article","og_title":"Marginalit\u00e0 in periferia - Torino Photos","og_description":"Conseguenza di un sistema di accoglienza sovraffollato.","og_url":"https:\/\/torino.photos\/today\/2025\/09\/marginalita-in-periferia\/","og_site_name":"Torino Photos","article_published_time":"2025-09-22T11:02:15+00:00","article_modified_time":"2025-09-22T11:03:29+00:00","og_image":[{"width":1088,"height":816,"url":"https:\/\/torino.photos\/today\/images\/2025\/09\/990b52d0-3a7c-43bb-a8cb-7f23bd2ce603-1.jpg","type":"image\/jpeg"}],"author":"Il Ciabattino del Vero","twitter_card":"summary_large_image","twitter_misc":{"Scritto da":"Il Ciabattino del Vero","Tempo di lettura stimato":"1 minuto"},"schema":{"@context":"https:\/\/schema.org","@graph":[{"@type":"Article","@id":"https:\/\/torino.photos\/today\/2025\/09\/marginalita-in-periferia\/#article","isPartOf":{"@id":"https:\/\/torino.photos\/today\/2025\/09\/marginalita-in-periferia\/"},"author":{"name":"Il Ciabattino del Vero","@id":"https:\/\/torino.photos\/today\/#\/schema\/person\/053aaa4f5522f344c52b15d22dbdb274"},"headline":"Marginalit\u00e0 in periferia","datePublished":"2025-09-22T11:02:15+00:00","dateModified":"2025-09-22T11:03:29+00:00","mainEntityOfPage":{"@id":"https:\/\/torino.photos\/today\/2025\/09\/marginalita-in-periferia\/"},"wordCount":80,"publisher":{"@id":"https:\/\/torino.photos\/today\/#organization"},"image":{"@id":"https:\/\/torino.photos\/today\/2025\/09\/marginalita-in-periferia\/#primaryimage"},"thumbnailUrl":"https:\/\/torino.photos\/today\/images\/2025\/09\/990b52d0-3a7c-43bb-a8cb-7f23bd2ce603-1.jpg","articleSection":[".","Cronaca urbana"],"inLanguage":"it-IT"},{"@type":"WebPage","@id":"https:\/\/torino.photos\/today\/2025\/09\/marginalita-in-periferia\/","url":"https:\/\/torino.photos\/today\/2025\/09\/marginalita-in-periferia\/","name":"Marginalit\u00e0 in periferia - Torino Photos","isPartOf":{"@id":"https:\/\/torino.photos\/today\/#website"},"primaryImageOfPage":{"@id":"https:\/\/torino.photos\/today\/2025\/09\/marginalita-in-periferia\/#primaryimage"},"image":{"@id":"https:\/\/torino.photos\/today\/2025\/09\/marginalita-in-periferia\/#primaryimage"},"thumbnailUrl":"https:\/\/torino.photos\/today\/images\/2025\/09\/990b52d0-3a7c-43bb-a8cb-7f23bd2ce603-1.jpg","datePublished":"2025-09-22T11:02:15+00:00","dateModified":"2025-09-22T11:03:29+00:00","breadcrumb":{"@id":"https:\/\/torino.photos\/today\/2025\/09\/marginalita-in-periferia\/#breadcrumb"},"inLanguage":"it-IT","potentialAction":[{"@type":"ReadAction","target":["https:\/\/torino.photos\/today\/2025\/09\/marginalita-in-periferia\/"]}]},{"@type":"ImageObject","inLanguage":"it-IT","@id":"https:\/\/torino.photos\/today\/2025\/09\/marginalita-in-periferia\/#primaryimage","url":"https:\/\/torino.photos\/today\/images\/2025\/09\/990b52d0-3a7c-43bb-a8cb-7f23bd2ce603-1.jpg","contentUrl":"https:\/\/torino.photos\/today\/images\/2025\/09\/990b52d0-3a7c-43bb-a8cb-7f23bd2ce603-1.jpg","width":1088,"height":816},{"@type":"BreadcrumbList","@id":"https:\/\/torino.photos\/today\/2025\/09\/marginalita-in-periferia\/#breadcrumb","itemListElement":[{"@type":"ListItem","position":1,"name":"Home","item":"https:\/\/torino.photos\/today\/"},{"@type":"ListItem","position":2,"name":"Marginalit\u00e0 in periferia"}]},{"@type":"WebSite","@id":"https:\/\/torino.photos\/today\/#website","url":"https:\/\/torino.photos\/today\/","name":"Torino Photos","description":"Voci e immagini della citt\u00e0","publisher":{"@id":"https:\/\/torino.photos\/today\/#organization"},"potentialAction":[{"@type":"SearchAction","target":{"@type":"EntryPoint","urlTemplate":"https:\/\/torino.photos\/today\/?s={search_term_string}"},"query-input":{"@type":"PropertyValueSpecification","valueRequired":true,"valueName":"search_term_string"}}],"inLanguage":"it-IT"},{"@type":"Organization","@id":"https:\/\/torino.photos\/today\/#organization","name":"Guzzo Photos & Graphic Publications","url":"https:\/\/torino.photos\/today\/","logo":{"@type":"ImageObject","inLanguage":"it-IT","@id":"https:\/\/torino.photos\/today\/#\/schema\/logo\/image\/","url":"https:\/\/torino.photos\/today\/images\/2025\/05\/favicon.png","contentUrl":"https:\/\/torino.photos\/today\/images\/2025\/05\/favicon.png","width":402,"height":402,"caption":"Guzzo Photos & Graphic Publications"},"image":{"@id":"https:\/\/torino.photos\/today\/#\/schema\/logo\/image\/"}},{"@type":"Person","@id":"https:\/\/torino.photos\/today\/#\/schema\/person\/053aaa4f5522f344c52b15d22dbdb274","name":"Il Ciabattino del Vero","sameAs":["https:\/\/torino.photos"],"url":"https:\/\/torino.photos\/today\/author\/il-ciabattino-del-vero\/"}]}},"views":188,"_links":{"self":[{"href":"https:\/\/torino.photos\/today\/wp-json\/wp\/v2\/posts\/71","targetHints":{"allow":["GET"]}}],"collection":[{"href":"https:\/\/torino.photos\/today\/wp-json\/wp\/v2\/posts"}],"about":[{"href":"https:\/\/torino.photos\/today\/wp-json\/wp\/v2\/types\/post"}],"author":[{"embeddable":true,"href":"https:\/\/torino.photos\/today\/wp-json\/wp\/v2\/users\/3"}],"replies":[{"embeddable":true,"href":"https:\/\/torino.photos\/today\/wp-json\/wp\/v2\/comments?post=71"}],"version-history":[{"count":0,"href":"https:\/\/torino.photos\/today\/wp-json\/wp\/v2\/posts\/71\/revisions"}],"wp:featuredmedia":[{"embeddable":true,"href":"https:\/\/torino.photos\/today\/wp-json\/wp\/v2\/media\/74"}],"wp:attachment":[{"href":"https:\/\/torino.photos\/today\/wp-json\/wp\/v2\/media?parent=71"}],"wp:term":[{"taxonomy":"category","embeddable":true,"href":"https:\/\/torino.photos\/today\/wp-json\/wp\/v2\/categories?post=71"},{"taxonomy":"post_tag","embeddable":true,"href":"https:\/\/torino.photos\/today\/wp-json\/wp\/v2\/tags?post=71"}],"curies":[{"name":"wp","href":"https:\/\/api.w.org\/{rel}","templated":true}]}}