{"id":37,"date":"2025-07-26T19:15:32","date_gmt":"2025-07-26T17:15:32","guid":{"rendered":"https:\/\/torino.photos\/today\/?p=37"},"modified":"2025-07-26T19:15:33","modified_gmt":"2025-07-26T17:15:33","slug":"%f0%9f%9f%a6-cap-torino-01-vetrina-e-convivio","status":"publish","type":"post","link":"https:\/\/torino.photos\/today\/2025\/07\/%f0%9f%9f%a6-cap-torino-01-vetrina-e-convivio\/","title":{"rendered":"\ud83d\udfe6 CAP-TORINO.01 \u2013 Vetrina e Convivio"},"content":{"rendered":"\n<figure class=\"wp-block-image size-full\"><img loading=\"lazy\" decoding=\"async\" width=\"1024\" height=\"1024\" src=\"https:\/\/torino.photos\/today\/images\/2025\/07\/Torino.jpg\" alt=\"\" class=\"wp-image-41\" srcset=\"https:\/\/torino.photos\/today\/images\/2025\/07\/Torino.jpg 1024w, https:\/\/torino.photos\/today\/images\/2025\/07\/Torino-300x300.jpg 300w, https:\/\/torino.photos\/today\/images\/2025\/07\/Torino-150x150.jpg 150w, https:\/\/torino.photos\/today\/images\/2025\/07\/Torino-768x768.jpg 768w\" sizes=\"auto, (max-width: 1024px) 100vw, 1024px\" \/><\/figure>\n\n\n\n<p>\ud83d\udcf0 <strong>\u201cParole per la Convivenza\u201d \u2013 Episodio 1<\/strong><\/p>\n\n\n\n<h3 class=\"wp-block-heading\"><strong>Torino, Citt\u00e0 Mondo\u2026 anche nei marciapiedi<\/strong><\/h3>\n\n\n\n<p><strong>Torino si \u00e8 trasformata in un porto globale.<\/strong><br>Qui convivono lingue, dialetti, abitudini e turni di lavoro che s\u2019incastrano come i mattoncini del mercato immobiliare informale.<\/p>\n\n\n\n<p>Ma quando un appartamento per 4 persone diventa dormitorio a rotazione per 20, e i bidoni si confondono con i gabinetti, qualcosa si rompe. Non solo l\u2019igiene, ma il patto di convivenza civile.<\/p>\n\n\n\n<p>Sui marciapiedi della citt\u00e0, all\u2019alba, scorrono i turni e le urgenze fisiologiche. L\u2019anonimato si infrange solo quando resta una traccia: bottiglie, sacchetti, o peggio.<\/p>\n\n\n\n<p>La citt\u00e0 non pu\u00f2 pi\u00f9 ignorare. Ma neppure puntare il dito.<\/p>\n\n\n<hr style=\"border: none; height: 1px; background-color: #ccc; margin: 2em 0;\" \/>\n\n\n<h3 class=\"wp-block-heading\">\ud83d\udd3b <em>Inizia da qui una campagna di parole semplici, stampate su carta, tradotte con rispetto e incollate con colla civile.<\/em><\/h3>\n\n\n\n<ul class=\"wp-block-list\">\n<li><strong>Etichette multilingue<\/strong> con QR in swahili, cinese, arabo<\/li>\n\n\n\n<li><strong>Messaggi corti e diretti<\/strong>: \u201cUsa il bagno pubblico\u201d, \u201cBottiglie nel contenitore\u201d<\/li>\n\n\n\n<li><strong>Simboli universali<\/strong> per chi non legge ma capisce<\/li>\n<\/ul>\n\n\n<hr style=\"border: none; height: 1px; background-color: #ccc; margin: 2em 0;\" \/>\n\n\n<h3 class=\"wp-block-heading\">\ud83d\udccd Perch\u00e9 lo facciamo?<\/h3>\n\n\n\n<p>Perch\u00e9 l\u2019incivilt\u00e0 non ha passaporto, ma nemmeno il rispetto.<br>E se il Comune tace, Torino.photos parla.<br>Con immagini, cartelli, e questa vetrina che guarda la citt\u00e0 negli occhi.<\/p>\n\n\n<hr style=\"border: none; height: 1px; background-color: #ccc; margin: 2em 0;\" \/>\n\n\n<p><strong>Progetto: CAP-TORINO.01 \u2013 Parole per la Convivenza<\/strong><br>\ud83d\udd17 <a href=\"https:\/\/torino.photos\/today\/images\/2025\/07\/etichette\/index.html\">torino.photos\/vetrina<\/a> <em> <\/em><br>\ud83d\udcce \n\n<a>Scarica le prime etichette da affiggere \u2192<\/a><br><br><br> \ud83d\udc3e Prossimo episodio:<\/p>\n\n\n\n<p><strong>Parole per la Convivenza \u2013 Episodio 2: <em>Il cane lo fa, tu lo raccogli<\/em><\/strong><\/p>\n\n\n\n<p>I problemi della convivenza urbana non finiscono ai piedi del portone.<br>Dalle deiezioni canine ai marciapiedi invasi da biciclette e monopattini,<br>la citt\u00e0 chiede rispetto, non scuse.<br>E le piste ciclabili ci sono. Usarle \u00e8 il minimo sindacale.<br><\/p>\n\n\n\n<p><small>\u00a92025 &#8220;Il Ciabattino del Vero&#8221; \u2013 All Rights Reserved &#8211; Copyright \u00a9 2025 ElCanillita.info \/Torino.photos \/SalaStampa.eu, world press service &#8211; Guzzo Photos &amp; Graphic Publications \u2013 Registro Editori e Stampatori n. 1441 Turin, Italy<\/small><\/p>\n\n\n\n<p><\/p>\n","protected":false},"excerpt":{"rendered":"<p>I problemi della convivenza urbana non finiscono ai piedi del portone.<br \/>\nDalle deiezioni canine ai marciapiedi invasi da biciclette e monopattini,<br \/>\nla citt\u00e0 chiede rispetto, non scuse.<\/p>\n","protected":false},"author":1,"featured_media":41,"comment_status":"closed","ping_status":"closed","sticky":false,"template":"","format":"standard","meta":{"footnotes":""},"categories":[1],"tags":[],"class_list":["post-37","post","type-post","status-publish","format-standard","has-post-thumbnail","hentry","category-archivio","entry"],"yoast_head":"<!-- This site is optimized with the Yoast SEO plugin v27.5 - https:\/\/yoast.com\/product\/yoast-seo-wordpress\/ -->\n<title>\ud83d\udfe6 CAP-TORINO.01 \u2013 Vetrina e Convivio - Torino Photos<\/title>\n<meta name=\"robots\" content=\"index, follow, max-snippet:-1, max-image-preview:large, max-video-preview:-1\" \/>\n<link rel=\"canonical\" href=\"https:\/\/torino.photos\/today\/2025\/07\/\ud83d\udfe6-cap-torino-01-vetrina-e-convivio\/\" \/>\n<meta property=\"og:locale\" content=\"it_IT\" \/>\n<meta property=\"og:type\" content=\"article\" \/>\n<meta property=\"og:title\" content=\"\ud83d\udfe6 CAP-TORINO.01 \u2013 Vetrina e Convivio - Torino Photos\" \/>\n<meta property=\"og:description\" content=\"I problemi della convivenza urbana non finiscono ai piedi del portone. Dalle deiezioni canine ai marciapiedi invasi da biciclette e monopattini, la citt\u00e0 chiede rispetto, non scuse.\" \/>\n<meta property=\"og:url\" content=\"https:\/\/torino.photos\/today\/2025\/07\/\ud83d\udfe6-cap-torino-01-vetrina-e-convivio\/\" \/>\n<meta property=\"og:site_name\" content=\"Torino Photos\" \/>\n<meta property=\"article:published_time\" content=\"2025-07-26T17:15:32+00:00\" \/>\n<meta property=\"article:modified_time\" content=\"2025-07-26T17:15:33+00:00\" \/>\n<meta property=\"og:image\" content=\"https:\/\/torino.photos\/today\/images\/2025\/07\/Torino.jpg\" \/>\n\t<meta property=\"og:image:width\" content=\"1024\" \/>\n\t<meta property=\"og:image:height\" content=\"1024\" \/>\n\t<meta property=\"og:image:type\" content=\"image\/jpeg\" \/>\n<meta name=\"author\" content=\"rubines\" \/>\n<meta name=\"twitter:card\" content=\"summary_large_image\" \/>\n<meta name=\"twitter:label1\" content=\"Scritto da\" \/>\n\t<meta name=\"twitter:data1\" content=\"rubines\" \/>\n\t<meta name=\"twitter:label2\" content=\"Tempo di lettura stimato\" \/>\n\t<meta name=\"twitter:data2\" content=\"2 minuti\" \/>\n<script type=\"application\/ld+json\" class=\"yoast-schema-graph\">{\"@context\":\"https:\\\/\\\/schema.org\",\"@graph\":[{\"@type\":\"Article\",\"@id\":\"https:\\\/\\\/torino.photos\\\/today\\\/2025\\\/07\\\/%f0%9f%9f%a6-cap-torino-01-vetrina-e-convivio\\\/#article\",\"isPartOf\":{\"@id\":\"https:\\\/\\\/torino.photos\\\/today\\\/2025\\\/07\\\/%f0%9f%9f%a6-cap-torino-01-vetrina-e-convivio\\\/\"},\"author\":{\"name\":\"rubines\",\"@id\":\"https:\\\/\\\/torino.photos\\\/today\\\/#\\\/schema\\\/person\\\/4665c9e760dd0acfed8e0e64d278579e\"},\"headline\":\"\ud83d\udfe6 CAP-TORINO.01 \u2013 Vetrina e Convivio\",\"datePublished\":\"2025-07-26T17:15:32+00:00\",\"dateModified\":\"2025-07-26T17:15:33+00:00\",\"mainEntityOfPage\":{\"@id\":\"https:\\\/\\\/torino.photos\\\/today\\\/2025\\\/07\\\/%f0%9f%9f%a6-cap-torino-01-vetrina-e-convivio\\\/\"},\"wordCount\":286,\"publisher\":{\"@id\":\"https:\\\/\\\/torino.photos\\\/today\\\/#organization\"},\"image\":{\"@id\":\"https:\\\/\\\/torino.photos\\\/today\\\/2025\\\/07\\\/%f0%9f%9f%a6-cap-torino-01-vetrina-e-convivio\\\/#primaryimage\"},\"thumbnailUrl\":\"https:\\\/\\\/torino.photos\\\/today\\\/images\\\/2025\\\/07\\\/Torino.jpg\",\"articleSection\":[\"Archivio\"],\"inLanguage\":\"it-IT\"},{\"@type\":\"WebPage\",\"@id\":\"https:\\\/\\\/torino.photos\\\/today\\\/2025\\\/07\\\/%f0%9f%9f%a6-cap-torino-01-vetrina-e-convivio\\\/\",\"url\":\"https:\\\/\\\/torino.photos\\\/today\\\/2025\\\/07\\\/%f0%9f%9f%a6-cap-torino-01-vetrina-e-convivio\\\/\",\"name\":\"\ud83d\udfe6 CAP-TORINO.01 \u2013 Vetrina e Convivio - Torino Photos\",\"isPartOf\":{\"@id\":\"https:\\\/\\\/torino.photos\\\/today\\\/#website\"},\"primaryImageOfPage\":{\"@id\":\"https:\\\/\\\/torino.photos\\\/today\\\/2025\\\/07\\\/%f0%9f%9f%a6-cap-torino-01-vetrina-e-convivio\\\/#primaryimage\"},\"image\":{\"@id\":\"https:\\\/\\\/torino.photos\\\/today\\\/2025\\\/07\\\/%f0%9f%9f%a6-cap-torino-01-vetrina-e-convivio\\\/#primaryimage\"},\"thumbnailUrl\":\"https:\\\/\\\/torino.photos\\\/today\\\/images\\\/2025\\\/07\\\/Torino.jpg\",\"datePublished\":\"2025-07-26T17:15:32+00:00\",\"dateModified\":\"2025-07-26T17:15:33+00:00\",\"breadcrumb\":{\"@id\":\"https:\\\/\\\/torino.photos\\\/today\\\/2025\\\/07\\\/%f0%9f%9f%a6-cap-torino-01-vetrina-e-convivio\\\/#breadcrumb\"},\"inLanguage\":\"it-IT\",\"potentialAction\":[{\"@type\":\"ReadAction\",\"target\":[\"https:\\\/\\\/torino.photos\\\/today\\\/2025\\\/07\\\/%f0%9f%9f%a6-cap-torino-01-vetrina-e-convivio\\\/\"]}]},{\"@type\":\"ImageObject\",\"inLanguage\":\"it-IT\",\"@id\":\"https:\\\/\\\/torino.photos\\\/today\\\/2025\\\/07\\\/%f0%9f%9f%a6-cap-torino-01-vetrina-e-convivio\\\/#primaryimage\",\"url\":\"https:\\\/\\\/torino.photos\\\/today\\\/images\\\/2025\\\/07\\\/Torino.jpg\",\"contentUrl\":\"https:\\\/\\\/torino.photos\\\/today\\\/images\\\/2025\\\/07\\\/Torino.jpg\",\"width\":1024,\"height\":1024},{\"@type\":\"BreadcrumbList\",\"@id\":\"https:\\\/\\\/torino.photos\\\/today\\\/2025\\\/07\\\/%f0%9f%9f%a6-cap-torino-01-vetrina-e-convivio\\\/#breadcrumb\",\"itemListElement\":[{\"@type\":\"ListItem\",\"position\":1,\"name\":\"Home\",\"item\":\"https:\\\/\\\/torino.photos\\\/today\\\/\"},{\"@type\":\"ListItem\",\"position\":2,\"name\":\"\ud83d\udfe6 CAP-TORINO.01 \u2013 Vetrina e Convivio\"}]},{\"@type\":\"WebSite\",\"@id\":\"https:\\\/\\\/torino.photos\\\/today\\\/#website\",\"url\":\"https:\\\/\\\/torino.photos\\\/today\\\/\",\"name\":\"Torino Photos\",\"description\":\"Voci e immagini della citt\u00e0\",\"publisher\":{\"@id\":\"https:\\\/\\\/torino.photos\\\/today\\\/#organization\"},\"potentialAction\":[{\"@type\":\"SearchAction\",\"target\":{\"@type\":\"EntryPoint\",\"urlTemplate\":\"https:\\\/\\\/torino.photos\\\/today\\\/?s={search_term_string}\"},\"query-input\":{\"@type\":\"PropertyValueSpecification\",\"valueRequired\":true,\"valueName\":\"search_term_string\"}}],\"inLanguage\":\"it-IT\"},{\"@type\":\"Organization\",\"@id\":\"https:\\\/\\\/torino.photos\\\/today\\\/#organization\",\"name\":\"Guzzo Photos & Graphic Publications\",\"url\":\"https:\\\/\\\/torino.photos\\\/today\\\/\",\"logo\":{\"@type\":\"ImageObject\",\"inLanguage\":\"it-IT\",\"@id\":\"https:\\\/\\\/torino.photos\\\/today\\\/#\\\/schema\\\/logo\\\/image\\\/\",\"url\":\"https:\\\/\\\/torino.photos\\\/today\\\/images\\\/2025\\\/05\\\/favicon.png\",\"contentUrl\":\"https:\\\/\\\/torino.photos\\\/today\\\/images\\\/2025\\\/05\\\/favicon.png\",\"width\":402,\"height\":402,\"caption\":\"Guzzo Photos & Graphic Publications\"},\"image\":{\"@id\":\"https:\\\/\\\/torino.photos\\\/today\\\/#\\\/schema\\\/logo\\\/image\\\/\"}},{\"@type\":\"Person\",\"@id\":\"https:\\\/\\\/torino.photos\\\/today\\\/#\\\/schema\\\/person\\\/4665c9e760dd0acfed8e0e64d278579e\",\"name\":\"rubines\",\"sameAs\":[\"https:\\\/\\\/torino.photos\\\/today\"],\"url\":\"https:\\\/\\\/torino.photos\\\/today\\\/author\\\/rubines\\\/\"}]}<\/script>\n<!-- \/ Yoast SEO plugin. -->","yoast_head_json":{"title":"\ud83d\udfe6 CAP-TORINO.01 \u2013 Vetrina e Convivio - Torino Photos","robots":{"index":"index","follow":"follow","max-snippet":"max-snippet:-1","max-image-preview":"max-image-preview:large","max-video-preview":"max-video-preview:-1"},"canonical":"https:\/\/torino.photos\/today\/2025\/07\/\ud83d\udfe6-cap-torino-01-vetrina-e-convivio\/","og_locale":"it_IT","og_type":"article","og_title":"\ud83d\udfe6 CAP-TORINO.01 \u2013 Vetrina e Convivio - Torino Photos","og_description":"I problemi della convivenza urbana non finiscono ai piedi del portone. Dalle deiezioni canine ai marciapiedi invasi da biciclette e monopattini, la citt\u00e0 chiede rispetto, non scuse.","og_url":"https:\/\/torino.photos\/today\/2025\/07\/\ud83d\udfe6-cap-torino-01-vetrina-e-convivio\/","og_site_name":"Torino Photos","article_published_time":"2025-07-26T17:15:32+00:00","article_modified_time":"2025-07-26T17:15:33+00:00","og_image":[{"width":1024,"height":1024,"url":"https:\/\/torino.photos\/today\/images\/2025\/07\/Torino.jpg","type":"image\/jpeg"}],"author":"rubines","twitter_card":"summary_large_image","twitter_misc":{"Scritto da":"rubines","Tempo di lettura stimato":"2 minuti"},"schema":{"@context":"https:\/\/schema.org","@graph":[{"@type":"Article","@id":"https:\/\/torino.photos\/today\/2025\/07\/%f0%9f%9f%a6-cap-torino-01-vetrina-e-convivio\/#article","isPartOf":{"@id":"https:\/\/torino.photos\/today\/2025\/07\/%f0%9f%9f%a6-cap-torino-01-vetrina-e-convivio\/"},"author":{"name":"rubines","@id":"https:\/\/torino.photos\/today\/#\/schema\/person\/4665c9e760dd0acfed8e0e64d278579e"},"headline":"\ud83d\udfe6 CAP-TORINO.01 \u2013 Vetrina e Convivio","datePublished":"2025-07-26T17:15:32+00:00","dateModified":"2025-07-26T17:15:33+00:00","mainEntityOfPage":{"@id":"https:\/\/torino.photos\/today\/2025\/07\/%f0%9f%9f%a6-cap-torino-01-vetrina-e-convivio\/"},"wordCount":286,"publisher":{"@id":"https:\/\/torino.photos\/today\/#organization"},"image":{"@id":"https:\/\/torino.photos\/today\/2025\/07\/%f0%9f%9f%a6-cap-torino-01-vetrina-e-convivio\/#primaryimage"},"thumbnailUrl":"https:\/\/torino.photos\/today\/images\/2025\/07\/Torino.jpg","articleSection":["Archivio"],"inLanguage":"it-IT"},{"@type":"WebPage","@id":"https:\/\/torino.photos\/today\/2025\/07\/%f0%9f%9f%a6-cap-torino-01-vetrina-e-convivio\/","url":"https:\/\/torino.photos\/today\/2025\/07\/%f0%9f%9f%a6-cap-torino-01-vetrina-e-convivio\/","name":"\ud83d\udfe6 CAP-TORINO.01 \u2013 Vetrina e Convivio - Torino Photos","isPartOf":{"@id":"https:\/\/torino.photos\/today\/#website"},"primaryImageOfPage":{"@id":"https:\/\/torino.photos\/today\/2025\/07\/%f0%9f%9f%a6-cap-torino-01-vetrina-e-convivio\/#primaryimage"},"image":{"@id":"https:\/\/torino.photos\/today\/2025\/07\/%f0%9f%9f%a6-cap-torino-01-vetrina-e-convivio\/#primaryimage"},"thumbnailUrl":"https:\/\/torino.photos\/today\/images\/2025\/07\/Torino.jpg","datePublished":"2025-07-26T17:15:32+00:00","dateModified":"2025-07-26T17:15:33+00:00","breadcrumb":{"@id":"https:\/\/torino.photos\/today\/2025\/07\/%f0%9f%9f%a6-cap-torino-01-vetrina-e-convivio\/#breadcrumb"},"inLanguage":"it-IT","potentialAction":[{"@type":"ReadAction","target":["https:\/\/torino.photos\/today\/2025\/07\/%f0%9f%9f%a6-cap-torino-01-vetrina-e-convivio\/"]}]},{"@type":"ImageObject","inLanguage":"it-IT","@id":"https:\/\/torino.photos\/today\/2025\/07\/%f0%9f%9f%a6-cap-torino-01-vetrina-e-convivio\/#primaryimage","url":"https:\/\/torino.photos\/today\/images\/2025\/07\/Torino.jpg","contentUrl":"https:\/\/torino.photos\/today\/images\/2025\/07\/Torino.jpg","width":1024,"height":1024},{"@type":"BreadcrumbList","@id":"https:\/\/torino.photos\/today\/2025\/07\/%f0%9f%9f%a6-cap-torino-01-vetrina-e-convivio\/#breadcrumb","itemListElement":[{"@type":"ListItem","position":1,"name":"Home","item":"https:\/\/torino.photos\/today\/"},{"@type":"ListItem","position":2,"name":"\ud83d\udfe6 CAP-TORINO.01 \u2013 Vetrina e Convivio"}]},{"@type":"WebSite","@id":"https:\/\/torino.photos\/today\/#website","url":"https:\/\/torino.photos\/today\/","name":"Torino Photos","description":"Voci e immagini della citt\u00e0","publisher":{"@id":"https:\/\/torino.photos\/today\/#organization"},"potentialAction":[{"@type":"SearchAction","target":{"@type":"EntryPoint","urlTemplate":"https:\/\/torino.photos\/today\/?s={search_term_string}"},"query-input":{"@type":"PropertyValueSpecification","valueRequired":true,"valueName":"search_term_string"}}],"inLanguage":"it-IT"},{"@type":"Organization","@id":"https:\/\/torino.photos\/today\/#organization","name":"Guzzo Photos & Graphic Publications","url":"https:\/\/torino.photos\/today\/","logo":{"@type":"ImageObject","inLanguage":"it-IT","@id":"https:\/\/torino.photos\/today\/#\/schema\/logo\/image\/","url":"https:\/\/torino.photos\/today\/images\/2025\/05\/favicon.png","contentUrl":"https:\/\/torino.photos\/today\/images\/2025\/05\/favicon.png","width":402,"height":402,"caption":"Guzzo Photos & Graphic Publications"},"image":{"@id":"https:\/\/torino.photos\/today\/#\/schema\/logo\/image\/"}},{"@type":"Person","@id":"https:\/\/torino.photos\/today\/#\/schema\/person\/4665c9e760dd0acfed8e0e64d278579e","name":"rubines","sameAs":["https:\/\/torino.photos\/today"],"url":"https:\/\/torino.photos\/today\/author\/rubines\/"}]}},"views":826,"_links":{"self":[{"href":"https:\/\/torino.photos\/today\/wp-json\/wp\/v2\/posts\/37","targetHints":{"allow":["GET"]}}],"collection":[{"href":"https:\/\/torino.photos\/today\/wp-json\/wp\/v2\/posts"}],"about":[{"href":"https:\/\/torino.photos\/today\/wp-json\/wp\/v2\/types\/post"}],"author":[{"embeddable":true,"href":"https:\/\/torino.photos\/today\/wp-json\/wp\/v2\/users\/1"}],"replies":[{"embeddable":true,"href":"https:\/\/torino.photos\/today\/wp-json\/wp\/v2\/comments?post=37"}],"version-history":[{"count":0,"href":"https:\/\/torino.photos\/today\/wp-json\/wp\/v2\/posts\/37\/revisions"}],"wp:featuredmedia":[{"embeddable":true,"href":"https:\/\/torino.photos\/today\/wp-json\/wp\/v2\/media\/41"}],"wp:attachment":[{"href":"https:\/\/torino.photos\/today\/wp-json\/wp\/v2\/media?parent=37"}],"wp:term":[{"taxonomy":"category","embeddable":true,"href":"https:\/\/torino.photos\/today\/wp-json\/wp\/v2\/categories?post=37"},{"taxonomy":"post_tag","embeddable":true,"href":"https:\/\/torino.photos\/today\/wp-json\/wp\/v2\/tags?post=37"}],"curies":[{"name":"wp","href":"https:\/\/api.w.org\/{rel}","templated":true}]}}