{"id":35,"date":"2025-07-29T17:13:03","date_gmt":"2025-07-29T15:13:03","guid":{"rendered":"https:\/\/torino.photos\/today\/?p=35"},"modified":"2025-08-18T01:07:51","modified_gmt":"2025-08-17T23:07:51","slug":"test","status":"publish","type":"post","link":"https:\/\/torino.photos\/today\/2025\/07\/test\/","title":{"rendered":"\ud83d\udc3e Parole per la Convivenza \u2013 Episodio 2: Il cane lo fa, tu lo raccogli"},"content":{"rendered":"\n<figure class=\"wp-block-image size-full\"><img loading=\"lazy\" decoding=\"async\" width=\"600\" height=\"400\" src=\"https:\/\/torino.photos\/today\/images\/2025\/07\/canwb_pub.jpg\" alt=\"\" class=\"wp-image-46\" srcset=\"https:\/\/torino.photos\/today\/images\/2025\/07\/canwb_pub.jpg 600w, https:\/\/torino.photos\/today\/images\/2025\/07\/canwb_pub-300x200.jpg 300w\" sizes=\"auto, (max-width: 600px) 100vw, 600px\" \/><\/figure>\n\n\n\n<p>Torino, luglio 2025 \u2013 \u00c8 passata in Parlamento la nuova legge che tutela gli animali. Un grande passo per la civilt\u00e0, dicono. E non possiamo che essere d\u2019accordo: i diritti degli animali sono, ormai, anche i diritti della nostra coscienza.<\/p>\n\n\n\n<p>Ma c\u2019\u00e8 un problema che la legge, nobile e ben scritta, ha dimenticato sul marciapiede: <strong>l\u2019igiene urbana.<\/strong><br>Perch\u00e9 se il cane \u00e8 tutelato&#8230; <strong>il marciapiede non lo \u00e8.<\/strong><\/p>\n\n\n\n<h3 class=\"wp-block-heading\">La Costituzione a quattro zampe<\/h3>\n\n\n\n<p>La nuova legge, la n. 82\/2025, riconosce agli animali \u201cla qualit\u00e0 di esseri senzienti\u201d e prevede, giustamente, protezioni da maltrattamenti, abbandono, e addirittura persegue l\u2019omissione di soccorso in caso di incidente.<\/p>\n\n\n\n<p>Un cane investito va aiutato.<br>Un cane lasciato legato al balcone pu\u00f2 far partire una denuncia.<br>Un cavallo sfruttato nei maneggi pu\u00f2 richiedere giustizia.<\/p>\n\n\n\n<p><strong>Ma se il cane lascia una &#8220;sorpresa&#8221; davanti al portone di casa, e il suo padrone fa finta di niente&#8230;<\/strong><br>Nessuno pu\u00f2 denunciare l\u2019indecenza. N\u00e9 il portone, n\u00e9 il cittadino, n\u00e9 il marciapiede.<\/p>\n\n\n\n<h3 class=\"wp-block-heading\">Il problema non sono i cani. Sono certi padroni.<br><br>Nella IV circoscrizione della citt\u00e0 di Torino, a pochi passi dall\u2019incantevole oasi barocca nel cuore di Torino Parco Tesoriera Torino, costruito tra il 1713 e il 1715, esiste un\u2019area cani attrezzata con distributori di sacchetti e palette, gratuita, ben segnalata.<br>Eppure, le \u201ctracce\u201d canine abbondano sotto ogni muro, cespuglio e ruota di macchina.<br><br><\/h3>\n\n\n\n<figure class=\"wp-block-image size-full\"><img loading=\"lazy\" decoding=\"async\" width=\"633\" height=\"400\" src=\"https:\/\/torino.photos\/today\/images\/2025\/07\/Tesoriera.jpg\" alt=\"\" class=\"wp-image-45\" srcset=\"https:\/\/torino.photos\/today\/images\/2025\/07\/Tesoriera.jpg 633w, https:\/\/torino.photos\/today\/images\/2025\/07\/Tesoriera-300x190.jpg 300w\" sizes=\"auto, (max-width: 633px) 100vw, 633px\" \/><\/figure>\n\n\n\n<p><strong>Non \u00e8 mancanza di servizi: \u00e8 mancanza di cultura civica.<\/strong><\/p>\n\n\n\n<h3 class=\"wp-block-heading\">La campagna parte da Torino.photos<\/h3>\n\n\n\n<p>Per questo motivo, abbiamo deciso di affiggere \u2014 con gentilezza ma fermezza \u2014 etichette multilingue nei luoghi pi\u00f9 frequentati dai quattro zampe (e dai loro umani).<br>Cartelli discreti, con QR, immagini educative e un messaggio semplice:<br><strong>\u201cIl cane lo fa, tu lo raccogli.\u201d<\/strong><br><br><\/p>\n\n\n<div class=\"wp-block-image\">\n<figure class=\"alignleft size-full\"><img loading=\"lazy\" decoding=\"async\" width=\"400\" height=\"600\" src=\"https:\/\/torino.photos\/today\/images\/2025\/07\/etiqueta_20250730.jpg\" alt=\"\" class=\"wp-image-49\" srcset=\"https:\/\/torino.photos\/today\/images\/2025\/07\/etiqueta_20250730.jpg 400w, https:\/\/torino.photos\/today\/images\/2025\/07\/etiqueta_20250730-200x300.jpg 200w\" sizes=\"auto, (max-width: 400px) 100vw, 400px\" \/><\/figure>\n<\/div>\n\n\n<p>Li trovate in italiano, spagnolo, inglese, swahili, bengalese e arabo.<br>Non per vezzo esotico, ma perch\u00e9 <strong>Torino \u00e8 un porto globale.<\/strong><br>E la convivenza \u00e8 una lingua universale.<\/p>\n\n\n<hr style=\"border: none; height: 1px; background-color: #ccc; margin: 2em 0;\" \/>\n\n\n<p><strong>La legge ha fatto un passo avanti. Ora tocca ai cittadini.<\/strong><br>Anche quelli che hanno quattro zampe al guinzaglio.<br>E un sacchetto in tasca\u2026 magari ancora da usare.<br><br><small>\u00a92025 &#8220;Il Ciabattino del Vero&#8221; \u2013 All Rights Reserved &#8211; Copyright \u00a9 2025 ElCanillita.info \/Torino.photos \/SalaStampa.eu, world press service &#8211; Guzzo Photos &amp; Graphic Publications \u2013 Registro Editori e Stampatori n. 1441 Turin, Italy<\/small><\/p>\n\n\n<hr style=\"border: none; height: 1px; background-color: #ccc; margin: 2em 0;\" \/>\n<h3 style=\"text-align: center;\">\ud83d\udce3 \ud83c\uddea\ud83c\uddf8 Quieres decir algo?\u00a0 \ud83c\uddee\ud83c\uddf9 Vuoi dire qualcosa?\u00a0<br \/>\ud83c\uddec\ud83c\udde7 Do you want to say something? <br \/>\ud83c\uddeb\ud83c\uddf7 Tu veux dire quelque chose ?<\/h3>\n<p style=\"text-align: center;\">Eleg\u00ed tu idioma \/ Choose your language \/ Choisissez votre langue \/ Scegli la tua lingua<\/p>\n<form style=\"max-width: 500px; margin: auto; font-family: sans-serif;\" action=\"mailto:elcanillita@yahoo.com\" enctype=\"text\/plain\" method=\"post\">\n<p><label><strong>\ud83e\uddcd Nombre \/ Name \/ Nom \/ Nome:<\/strong><br \/><input style=\"width: 100%; padding: 6px;\" name=\"Nombre\" type=\"text\" \/><\/label><\/p>\n<p><label><strong>\u270f\ufe0f Opini\u00f3n o mensaje \/ Message \/ Message \/ Messaggio:<\/strong><br \/><textarea style=\"width: 100%; padding: 6px;\" name=\"Mensaje\" rows=\"5\"><\/textarea><\/label><\/p>\n<p><label><strong>\ud83d\udce4 \u00bfPublicamos tu mensaje? \/ Publish? \/ Publier ? \/ Pubblicare?<\/strong><br \/><select style=\"width: 100%; padding: 6px;\" name=\"Publicar\"><option value=\"S\u00ed \/ Yes \/ Oui \/ S\u00ec\">\u2705 S\u00ed \/ Yes \/ Oui \/ S\u00ec<\/option><option value=\"No \/ No \/ Non \/ No\">\u274c No \/ No \/ Non \/ No<\/option><\/select><\/label><\/p>\n<p style=\"text-align: center;\"><input style=\"padding: 10px 20px; font-weight: bold;\" type=\"submit\" value=\"\ud83d\ude80 Enviar \/ Send \/ Envoyer \/ Invia\" \/><\/p>\n<\/form>\n<p style=\"text-align: center; font-size: small;\">Tambi\u00e9n pod\u00e9s escribirnos directo a <a href=\"mailto:elcanillita@yahoo.com\">elcanillita@yahoo.com<\/a><\/p>\n\n\n<p><\/p>\n","protected":false},"excerpt":{"rendered":"<p>\u201cIl cane lo fa, tu lo raccogli.\u201d<\/p>\n","protected":false},"author":1,"featured_media":46,"comment_status":"closed","ping_status":"closed","sticky":false,"template":"","format":"standard","meta":{"footnotes":""},"categories":[4,2],"tags":[],"class_list":["post-35","post","type-post","status-publish","format-standard","has-post-thumbnail","hentry","category-blogdiario","category-vita-quotidiana","entry"],"yoast_head":"<!-- This site is optimized with the Yoast SEO plugin v27.5 - https:\/\/yoast.com\/product\/yoast-seo-wordpress\/ -->\n<title>\ud83d\udc3e Parole per la Convivenza \u2013 Episodio 2: Il cane lo fa, tu lo raccogli - Torino Photos<\/title>\n<meta name=\"robots\" content=\"index, follow, max-snippet:-1, max-image-preview:large, max-video-preview:-1\" \/>\n<link rel=\"canonical\" href=\"https:\/\/torino.photos\/today\/2025\/07\/test\/\" \/>\n<meta property=\"og:locale\" content=\"it_IT\" \/>\n<meta property=\"og:type\" content=\"article\" \/>\n<meta property=\"og:title\" content=\"\ud83d\udc3e Parole per la Convivenza \u2013 Episodio 2: Il cane lo fa, tu lo raccogli - Torino Photos\" \/>\n<meta property=\"og:description\" content=\"\u201cIl cane lo fa, tu lo raccogli.\u201d\" \/>\n<meta property=\"og:url\" content=\"https:\/\/torino.photos\/today\/2025\/07\/test\/\" \/>\n<meta property=\"og:site_name\" content=\"Torino Photos\" \/>\n<meta property=\"article:published_time\" content=\"2025-07-29T15:13:03+00:00\" \/>\n<meta property=\"article:modified_time\" content=\"2025-08-17T23:07:51+00:00\" \/>\n<meta property=\"og:image\" content=\"https:\/\/torino.photos\/today\/images\/2025\/07\/canwb_pub.jpg\" \/>\n\t<meta property=\"og:image:width\" content=\"600\" \/>\n\t<meta property=\"og:image:height\" content=\"400\" \/>\n\t<meta property=\"og:image:type\" content=\"image\/jpeg\" \/>\n<meta name=\"author\" content=\"rubines\" \/>\n<meta name=\"twitter:card\" content=\"summary_large_image\" \/>\n<meta name=\"twitter:label1\" content=\"Scritto da\" \/>\n\t<meta name=\"twitter:data1\" content=\"rubines\" \/>\n\t<meta name=\"twitter:label2\" content=\"Tempo di lettura stimato\" \/>\n\t<meta name=\"twitter:data2\" content=\"4 minuti\" \/>\n<script type=\"application\/ld+json\" class=\"yoast-schema-graph\">{\"@context\":\"https:\\\/\\\/schema.org\",\"@graph\":[{\"@type\":\"Article\",\"@id\":\"https:\\\/\\\/torino.photos\\\/today\\\/2025\\\/07\\\/test\\\/#article\",\"isPartOf\":{\"@id\":\"https:\\\/\\\/torino.photos\\\/today\\\/2025\\\/07\\\/test\\\/\"},\"author\":{\"name\":\"rubines\",\"@id\":\"https:\\\/\\\/torino.photos\\\/today\\\/#\\\/schema\\\/person\\\/4665c9e760dd0acfed8e0e64d278579e\"},\"headline\":\"\ud83d\udc3e Parole per la Convivenza \u2013 Episodio 2: Il cane lo fa, tu lo raccogli\",\"datePublished\":\"2025-07-29T15:13:03+00:00\",\"dateModified\":\"2025-08-17T23:07:51+00:00\",\"mainEntityOfPage\":{\"@id\":\"https:\\\/\\\/torino.photos\\\/today\\\/2025\\\/07\\\/test\\\/\"},\"wordCount\":438,\"publisher\":{\"@id\":\"https:\\\/\\\/torino.photos\\\/today\\\/#organization\"},\"image\":{\"@id\":\"https:\\\/\\\/torino.photos\\\/today\\\/2025\\\/07\\\/test\\\/#primaryimage\"},\"thumbnailUrl\":\"https:\\\/\\\/torino.photos\\\/today\\\/images\\\/2025\\\/07\\\/canwb_pub.jpg\",\"articleSection\":[\".\",\"Vita quotidiana\"],\"inLanguage\":\"it-IT\"},{\"@type\":\"WebPage\",\"@id\":\"https:\\\/\\\/torino.photos\\\/today\\\/2025\\\/07\\\/test\\\/\",\"url\":\"https:\\\/\\\/torino.photos\\\/today\\\/2025\\\/07\\\/test\\\/\",\"name\":\"\ud83d\udc3e Parole per la Convivenza \u2013 Episodio 2: Il cane lo fa, tu lo raccogli - Torino Photos\",\"isPartOf\":{\"@id\":\"https:\\\/\\\/torino.photos\\\/today\\\/#website\"},\"primaryImageOfPage\":{\"@id\":\"https:\\\/\\\/torino.photos\\\/today\\\/2025\\\/07\\\/test\\\/#primaryimage\"},\"image\":{\"@id\":\"https:\\\/\\\/torino.photos\\\/today\\\/2025\\\/07\\\/test\\\/#primaryimage\"},\"thumbnailUrl\":\"https:\\\/\\\/torino.photos\\\/today\\\/images\\\/2025\\\/07\\\/canwb_pub.jpg\",\"datePublished\":\"2025-07-29T15:13:03+00:00\",\"dateModified\":\"2025-08-17T23:07:51+00:00\",\"breadcrumb\":{\"@id\":\"https:\\\/\\\/torino.photos\\\/today\\\/2025\\\/07\\\/test\\\/#breadcrumb\"},\"inLanguage\":\"it-IT\",\"potentialAction\":[{\"@type\":\"ReadAction\",\"target\":[\"https:\\\/\\\/torino.photos\\\/today\\\/2025\\\/07\\\/test\\\/\"]}]},{\"@type\":\"ImageObject\",\"inLanguage\":\"it-IT\",\"@id\":\"https:\\\/\\\/torino.photos\\\/today\\\/2025\\\/07\\\/test\\\/#primaryimage\",\"url\":\"https:\\\/\\\/torino.photos\\\/today\\\/images\\\/2025\\\/07\\\/canwb_pub.jpg\",\"contentUrl\":\"https:\\\/\\\/torino.photos\\\/today\\\/images\\\/2025\\\/07\\\/canwb_pub.jpg\",\"width\":600,\"height\":400},{\"@type\":\"BreadcrumbList\",\"@id\":\"https:\\\/\\\/torino.photos\\\/today\\\/2025\\\/07\\\/test\\\/#breadcrumb\",\"itemListElement\":[{\"@type\":\"ListItem\",\"position\":1,\"name\":\"Home\",\"item\":\"https:\\\/\\\/torino.photos\\\/today\\\/\"},{\"@type\":\"ListItem\",\"position\":2,\"name\":\"\ud83d\udc3e Parole per la Convivenza \u2013 Episodio 2: Il cane lo fa, tu lo raccogli\"}]},{\"@type\":\"WebSite\",\"@id\":\"https:\\\/\\\/torino.photos\\\/today\\\/#website\",\"url\":\"https:\\\/\\\/torino.photos\\\/today\\\/\",\"name\":\"Torino Photos\",\"description\":\"Voci e immagini della citt\u00e0\",\"publisher\":{\"@id\":\"https:\\\/\\\/torino.photos\\\/today\\\/#organization\"},\"potentialAction\":[{\"@type\":\"SearchAction\",\"target\":{\"@type\":\"EntryPoint\",\"urlTemplate\":\"https:\\\/\\\/torino.photos\\\/today\\\/?s={search_term_string}\"},\"query-input\":{\"@type\":\"PropertyValueSpecification\",\"valueRequired\":true,\"valueName\":\"search_term_string\"}}],\"inLanguage\":\"it-IT\"},{\"@type\":\"Organization\",\"@id\":\"https:\\\/\\\/torino.photos\\\/today\\\/#organization\",\"name\":\"Guzzo Photos & Graphic Publications\",\"url\":\"https:\\\/\\\/torino.photos\\\/today\\\/\",\"logo\":{\"@type\":\"ImageObject\",\"inLanguage\":\"it-IT\",\"@id\":\"https:\\\/\\\/torino.photos\\\/today\\\/#\\\/schema\\\/logo\\\/image\\\/\",\"url\":\"https:\\\/\\\/torino.photos\\\/today\\\/images\\\/2025\\\/05\\\/favicon.png\",\"contentUrl\":\"https:\\\/\\\/torino.photos\\\/today\\\/images\\\/2025\\\/05\\\/favicon.png\",\"width\":402,\"height\":402,\"caption\":\"Guzzo Photos & Graphic Publications\"},\"image\":{\"@id\":\"https:\\\/\\\/torino.photos\\\/today\\\/#\\\/schema\\\/logo\\\/image\\\/\"}},{\"@type\":\"Person\",\"@id\":\"https:\\\/\\\/torino.photos\\\/today\\\/#\\\/schema\\\/person\\\/4665c9e760dd0acfed8e0e64d278579e\",\"name\":\"rubines\",\"sameAs\":[\"https:\\\/\\\/torino.photos\\\/today\"],\"url\":\"https:\\\/\\\/torino.photos\\\/today\\\/author\\\/rubines\\\/\"}]}<\/script>\n<!-- \/ Yoast SEO plugin. -->","yoast_head_json":{"title":"\ud83d\udc3e Parole per la Convivenza \u2013 Episodio 2: Il cane lo fa, tu lo raccogli - Torino Photos","robots":{"index":"index","follow":"follow","max-snippet":"max-snippet:-1","max-image-preview":"max-image-preview:large","max-video-preview":"max-video-preview:-1"},"canonical":"https:\/\/torino.photos\/today\/2025\/07\/test\/","og_locale":"it_IT","og_type":"article","og_title":"\ud83d\udc3e Parole per la Convivenza \u2013 Episodio 2: Il cane lo fa, tu lo raccogli - Torino Photos","og_description":"\u201cIl cane lo fa, tu lo raccogli.\u201d","og_url":"https:\/\/torino.photos\/today\/2025\/07\/test\/","og_site_name":"Torino Photos","article_published_time":"2025-07-29T15:13:03+00:00","article_modified_time":"2025-08-17T23:07:51+00:00","og_image":[{"width":600,"height":400,"url":"https:\/\/torino.photos\/today\/images\/2025\/07\/canwb_pub.jpg","type":"image\/jpeg"}],"author":"rubines","twitter_card":"summary_large_image","twitter_misc":{"Scritto da":"rubines","Tempo di lettura stimato":"4 minuti"},"schema":{"@context":"https:\/\/schema.org","@graph":[{"@type":"Article","@id":"https:\/\/torino.photos\/today\/2025\/07\/test\/#article","isPartOf":{"@id":"https:\/\/torino.photos\/today\/2025\/07\/test\/"},"author":{"name":"rubines","@id":"https:\/\/torino.photos\/today\/#\/schema\/person\/4665c9e760dd0acfed8e0e64d278579e"},"headline":"\ud83d\udc3e Parole per la Convivenza \u2013 Episodio 2: Il cane lo fa, tu lo raccogli","datePublished":"2025-07-29T15:13:03+00:00","dateModified":"2025-08-17T23:07:51+00:00","mainEntityOfPage":{"@id":"https:\/\/torino.photos\/today\/2025\/07\/test\/"},"wordCount":438,"publisher":{"@id":"https:\/\/torino.photos\/today\/#organization"},"image":{"@id":"https:\/\/torino.photos\/today\/2025\/07\/test\/#primaryimage"},"thumbnailUrl":"https:\/\/torino.photos\/today\/images\/2025\/07\/canwb_pub.jpg","articleSection":[".","Vita quotidiana"],"inLanguage":"it-IT"},{"@type":"WebPage","@id":"https:\/\/torino.photos\/today\/2025\/07\/test\/","url":"https:\/\/torino.photos\/today\/2025\/07\/test\/","name":"\ud83d\udc3e Parole per la Convivenza \u2013 Episodio 2: Il cane lo fa, tu lo raccogli - Torino Photos","isPartOf":{"@id":"https:\/\/torino.photos\/today\/#website"},"primaryImageOfPage":{"@id":"https:\/\/torino.photos\/today\/2025\/07\/test\/#primaryimage"},"image":{"@id":"https:\/\/torino.photos\/today\/2025\/07\/test\/#primaryimage"},"thumbnailUrl":"https:\/\/torino.photos\/today\/images\/2025\/07\/canwb_pub.jpg","datePublished":"2025-07-29T15:13:03+00:00","dateModified":"2025-08-17T23:07:51+00:00","breadcrumb":{"@id":"https:\/\/torino.photos\/today\/2025\/07\/test\/#breadcrumb"},"inLanguage":"it-IT","potentialAction":[{"@type":"ReadAction","target":["https:\/\/torino.photos\/today\/2025\/07\/test\/"]}]},{"@type":"ImageObject","inLanguage":"it-IT","@id":"https:\/\/torino.photos\/today\/2025\/07\/test\/#primaryimage","url":"https:\/\/torino.photos\/today\/images\/2025\/07\/canwb_pub.jpg","contentUrl":"https:\/\/torino.photos\/today\/images\/2025\/07\/canwb_pub.jpg","width":600,"height":400},{"@type":"BreadcrumbList","@id":"https:\/\/torino.photos\/today\/2025\/07\/test\/#breadcrumb","itemListElement":[{"@type":"ListItem","position":1,"name":"Home","item":"https:\/\/torino.photos\/today\/"},{"@type":"ListItem","position":2,"name":"\ud83d\udc3e Parole per la Convivenza \u2013 Episodio 2: Il cane lo fa, tu lo raccogli"}]},{"@type":"WebSite","@id":"https:\/\/torino.photos\/today\/#website","url":"https:\/\/torino.photos\/today\/","name":"Torino Photos","description":"Voci e immagini della citt\u00e0","publisher":{"@id":"https:\/\/torino.photos\/today\/#organization"},"potentialAction":[{"@type":"SearchAction","target":{"@type":"EntryPoint","urlTemplate":"https:\/\/torino.photos\/today\/?s={search_term_string}"},"query-input":{"@type":"PropertyValueSpecification","valueRequired":true,"valueName":"search_term_string"}}],"inLanguage":"it-IT"},{"@type":"Organization","@id":"https:\/\/torino.photos\/today\/#organization","name":"Guzzo Photos & Graphic Publications","url":"https:\/\/torino.photos\/today\/","logo":{"@type":"ImageObject","inLanguage":"it-IT","@id":"https:\/\/torino.photos\/today\/#\/schema\/logo\/image\/","url":"https:\/\/torino.photos\/today\/images\/2025\/05\/favicon.png","contentUrl":"https:\/\/torino.photos\/today\/images\/2025\/05\/favicon.png","width":402,"height":402,"caption":"Guzzo Photos & Graphic Publications"},"image":{"@id":"https:\/\/torino.photos\/today\/#\/schema\/logo\/image\/"}},{"@type":"Person","@id":"https:\/\/torino.photos\/today\/#\/schema\/person\/4665c9e760dd0acfed8e0e64d278579e","name":"rubines","sameAs":["https:\/\/torino.photos\/today"],"url":"https:\/\/torino.photos\/today\/author\/rubines\/"}]}},"views":230,"_links":{"self":[{"href":"https:\/\/torino.photos\/today\/wp-json\/wp\/v2\/posts\/35","targetHints":{"allow":["GET"]}}],"collection":[{"href":"https:\/\/torino.photos\/today\/wp-json\/wp\/v2\/posts"}],"about":[{"href":"https:\/\/torino.photos\/today\/wp-json\/wp\/v2\/types\/post"}],"author":[{"embeddable":true,"href":"https:\/\/torino.photos\/today\/wp-json\/wp\/v2\/users\/1"}],"replies":[{"embeddable":true,"href":"https:\/\/torino.photos\/today\/wp-json\/wp\/v2\/comments?post=35"}],"version-history":[{"count":0,"href":"https:\/\/torino.photos\/today\/wp-json\/wp\/v2\/posts\/35\/revisions"}],"wp:featuredmedia":[{"embeddable":true,"href":"https:\/\/torino.photos\/today\/wp-json\/wp\/v2\/media\/46"}],"wp:attachment":[{"href":"https:\/\/torino.photos\/today\/wp-json\/wp\/v2\/media?parent=35"}],"wp:term":[{"taxonomy":"category","embeddable":true,"href":"https:\/\/torino.photos\/today\/wp-json\/wp\/v2\/categories?post=35"},{"taxonomy":"post_tag","embeddable":true,"href":"https:\/\/torino.photos\/today\/wp-json\/wp\/v2\/tags?post=35"}],"curies":[{"name":"wp","href":"https:\/\/api.w.org\/{rel}","templated":true}]}}