{"id":23,"date":"2025-05-28T12:20:49","date_gmt":"2025-05-28T10:20:49","guid":{"rendered":"https:\/\/torino.photos\/today\/?p=23"},"modified":"2025-05-28T12:20:50","modified_gmt":"2025-05-28T10:20:50","slug":"pronto-silenzio-e-il-call-center-fantasma","status":"publish","type":"post","link":"https:\/\/torino.photos\/today\/2025\/05\/pronto-silenzio-e-il-call-center-fantasma\/","title":{"rendered":"Pronto? Silenzio. \u00c8 il call center fantasma!"},"content":{"rendered":"\n<figure class=\"wp-block-image size-full\"><img loading=\"lazy\" decoding=\"async\" width=\"600\" height=\"621\" src=\"https:\/\/torino.photos\/today\/images\/2025\/05\/telefonate-fantasma.jpg\" alt=\"\" class=\"wp-image-24\" srcset=\"https:\/\/torino.photos\/today\/images\/2025\/05\/telefonate-fantasma.jpg 600w, https:\/\/torino.photos\/today\/images\/2025\/05\/telefonate-fantasma-290x300.jpg 290w\" sizes=\"auto, (max-width: 600px) 100vw, 600px\" \/><\/figure>\n\n\n\n<p>Ormai \u00e8 un classico dell\u2019horror contemporaneo: squilla il telefono, corriamo con il cuore in gola pensando che sia il corriere con il pacco, la nonna con i biscotti o almeno l\u2019amante con un pizzico di fantasia\u2026 e invece?<br>Silenzio. Muto assoluto.<br>Neanche un sospiro. E no, non \u00e8 Kafka, \u00e8 solo il call center.<\/p>\n\n\n\n<p>Ma perch\u00e9 ci chiamano per non dire niente? Saranno in lutto? Hanno perso la voce? Oppure stanno facendo lo sciopero silenzioso delle commissioni?<\/p>\n\n\n\n<p>Ecco la verit\u00e0 (pi\u00f9 o meno):<br>Le telefonate mute sono frutto di un algoritmo con l\u2019ansia da prestazione. I sistemi dei call center lanciano chiamate a raffica \u2013 un po\u2019 come i pescatori gettano le reti sperando che qualcosa abbocchi. Se tu rispondi e non c\u2019\u00e8 un operatore libero, resti in linea con il vuoto cosmico. \u00c8 il nulla commerciale. Il call center ti ha adescato, ma poi ti ha lasciato l\u00ec come un appuntamento su Tinder che non si presenta.<\/p>\n\n\n\n<p>E noi l\u00ec, a dire \u201cPronto?\u201d sei volte, con la voce che si incrina come Meryl Streep in un film drammatico.<\/p>\n\n\n\n<p>Ma attenzione: non \u00e8 solo fastidio, \u00e8 strategia. Se rispondi, vieni schedato come \u201cutente vivo, reattivo, forse un po\u2019 solo\u201d. E allora via con altre chiamate: assicurazioni, energia, pannelli solari, corsi per diventare chef in tre giorni.<br>Ti sei mai chiesto perch\u00e9 ti chiamano sempre alla stessa ora? Perch\u00e9 per loro sei un\u2019abitudine da sfruttare. Come la tazzina di caff\u00e8, ma pi\u00f9 irritante.<\/p>\n\n\n\n<p>Nel frattempo gli operatori (quelli veri, poveracci), aspettano davanti a uno schermo dove il tuo numero lampeggia come un semaforo impazzito. E quando finalmente provano a parlarti, tu hai gi\u00e0 bestemmiato in quattro lingue e messo gi\u00f9.<\/p>\n\n\n\n<p>Morale della favola?<br>Quando ricevi una telefonata muta, respira. Non \u00e8 un fantasma. \u00c8 solo il capitalismo che si \u00e8 inceppato.<\/p>\n\n\n\n<p>Firmato: Mi Genio y Yo<br>(mentre aspettiamo la prossima chiamata inutile con una tisana e un pizzico di&nbsp;rassegnazione)<\/p>\n\n\n\n<p><small>\u00a9 2025 Mi Genio y Yo (mentre aspettiamo la prossima chiamata inutile con una tisana e un pizzico di\u00a0rassegnazione). \n\u00a9 2025 Torino.photos. Tutti i Diritti Riservati.<\/small><\/p>\n","protected":false},"excerpt":{"rendered":"<p>Ormai \u00e8 un classico dell\u2019horror contemporaneo: squilla il telefono, corriamo con il cuore in gola pensando che sia il corriere con il pacco, la nonna&#8230;<\/p>\n","protected":false},"author":1,"featured_media":24,"comment_status":"closed","ping_status":"closed","sticky":false,"template":"","format":"standard","meta":{"footnotes":""},"categories":[2],"tags":[],"class_list":["post-23","post","type-post","status-publish","format-standard","has-post-thumbnail","hentry","category-vita-quotidiana","entry"],"yoast_head":"<!-- This site is optimized with the Yoast SEO plugin v27.5 - https:\/\/yoast.com\/product\/yoast-seo-wordpress\/ -->\n<title>Pronto? Silenzio. \u00c8 il call center fantasma! - Torino Photos<\/title>\n<meta name=\"robots\" content=\"index, follow, max-snippet:-1, max-image-preview:large, max-video-preview:-1\" \/>\n<link rel=\"canonical\" href=\"https:\/\/torino.photos\/today\/2025\/05\/pronto-silenzio-e-il-call-center-fantasma\/\" \/>\n<meta property=\"og:locale\" content=\"it_IT\" \/>\n<meta property=\"og:type\" content=\"article\" \/>\n<meta property=\"og:title\" content=\"Pronto? Silenzio. \u00c8 il call center fantasma! - Torino Photos\" \/>\n<meta property=\"og:description\" content=\"Ormai \u00e8 un classico dell\u2019horror contemporaneo: squilla il telefono, corriamo con il cuore in gola pensando che sia il corriere con il pacco, la nonna&#8230;\" \/>\n<meta property=\"og:url\" content=\"https:\/\/torino.photos\/today\/2025\/05\/pronto-silenzio-e-il-call-center-fantasma\/\" \/>\n<meta property=\"og:site_name\" content=\"Torino Photos\" \/>\n<meta property=\"article:published_time\" content=\"2025-05-28T10:20:49+00:00\" \/>\n<meta property=\"article:modified_time\" content=\"2025-05-28T10:20:50+00:00\" \/>\n<meta property=\"og:image\" content=\"https:\/\/torino.photos\/today\/images\/2025\/05\/telefonate-fantasma.jpg\" \/>\n\t<meta property=\"og:image:width\" content=\"600\" \/>\n\t<meta property=\"og:image:height\" content=\"621\" \/>\n\t<meta property=\"og:image:type\" content=\"image\/jpeg\" \/>\n<meta name=\"author\" content=\"rubines\" \/>\n<meta name=\"twitter:card\" content=\"summary_large_image\" \/>\n<meta name=\"twitter:label1\" content=\"Scritto da\" \/>\n\t<meta name=\"twitter:data1\" content=\"rubines\" \/>\n\t<meta name=\"twitter:label2\" content=\"Tempo di lettura stimato\" \/>\n\t<meta name=\"twitter:data2\" content=\"2 minuti\" \/>\n<script type=\"application\/ld+json\" class=\"yoast-schema-graph\">{\"@context\":\"https:\\\/\\\/schema.org\",\"@graph\":[{\"@type\":\"Article\",\"@id\":\"https:\\\/\\\/torino.photos\\\/today\\\/2025\\\/05\\\/pronto-silenzio-e-il-call-center-fantasma\\\/#article\",\"isPartOf\":{\"@id\":\"https:\\\/\\\/torino.photos\\\/today\\\/2025\\\/05\\\/pronto-silenzio-e-il-call-center-fantasma\\\/\"},\"author\":{\"name\":\"rubines\",\"@id\":\"https:\\\/\\\/torino.photos\\\/today\\\/#\\\/schema\\\/person\\\/4665c9e760dd0acfed8e0e64d278579e\"},\"headline\":\"Pronto? Silenzio. \u00c8 il call center fantasma!\",\"datePublished\":\"2025-05-28T10:20:49+00:00\",\"dateModified\":\"2025-05-28T10:20:50+00:00\",\"mainEntityOfPage\":{\"@id\":\"https:\\\/\\\/torino.photos\\\/today\\\/2025\\\/05\\\/pronto-silenzio-e-il-call-center-fantasma\\\/\"},\"wordCount\":344,\"publisher\":{\"@id\":\"https:\\\/\\\/torino.photos\\\/today\\\/#organization\"},\"image\":{\"@id\":\"https:\\\/\\\/torino.photos\\\/today\\\/2025\\\/05\\\/pronto-silenzio-e-il-call-center-fantasma\\\/#primaryimage\"},\"thumbnailUrl\":\"https:\\\/\\\/torino.photos\\\/today\\\/images\\\/2025\\\/05\\\/telefonate-fantasma.jpg\",\"articleSection\":[\"Vita quotidiana\"],\"inLanguage\":\"it-IT\"},{\"@type\":\"WebPage\",\"@id\":\"https:\\\/\\\/torino.photos\\\/today\\\/2025\\\/05\\\/pronto-silenzio-e-il-call-center-fantasma\\\/\",\"url\":\"https:\\\/\\\/torino.photos\\\/today\\\/2025\\\/05\\\/pronto-silenzio-e-il-call-center-fantasma\\\/\",\"name\":\"Pronto? Silenzio. \u00c8 il call center fantasma! - Torino Photos\",\"isPartOf\":{\"@id\":\"https:\\\/\\\/torino.photos\\\/today\\\/#website\"},\"primaryImageOfPage\":{\"@id\":\"https:\\\/\\\/torino.photos\\\/today\\\/2025\\\/05\\\/pronto-silenzio-e-il-call-center-fantasma\\\/#primaryimage\"},\"image\":{\"@id\":\"https:\\\/\\\/torino.photos\\\/today\\\/2025\\\/05\\\/pronto-silenzio-e-il-call-center-fantasma\\\/#primaryimage\"},\"thumbnailUrl\":\"https:\\\/\\\/torino.photos\\\/today\\\/images\\\/2025\\\/05\\\/telefonate-fantasma.jpg\",\"datePublished\":\"2025-05-28T10:20:49+00:00\",\"dateModified\":\"2025-05-28T10:20:50+00:00\",\"breadcrumb\":{\"@id\":\"https:\\\/\\\/torino.photos\\\/today\\\/2025\\\/05\\\/pronto-silenzio-e-il-call-center-fantasma\\\/#breadcrumb\"},\"inLanguage\":\"it-IT\",\"potentialAction\":[{\"@type\":\"ReadAction\",\"target\":[\"https:\\\/\\\/torino.photos\\\/today\\\/2025\\\/05\\\/pronto-silenzio-e-il-call-center-fantasma\\\/\"]}]},{\"@type\":\"ImageObject\",\"inLanguage\":\"it-IT\",\"@id\":\"https:\\\/\\\/torino.photos\\\/today\\\/2025\\\/05\\\/pronto-silenzio-e-il-call-center-fantasma\\\/#primaryimage\",\"url\":\"https:\\\/\\\/torino.photos\\\/today\\\/images\\\/2025\\\/05\\\/telefonate-fantasma.jpg\",\"contentUrl\":\"https:\\\/\\\/torino.photos\\\/today\\\/images\\\/2025\\\/05\\\/telefonate-fantasma.jpg\",\"width\":600,\"height\":621,\"caption\":\"Torino.photos\"},{\"@type\":\"BreadcrumbList\",\"@id\":\"https:\\\/\\\/torino.photos\\\/today\\\/2025\\\/05\\\/pronto-silenzio-e-il-call-center-fantasma\\\/#breadcrumb\",\"itemListElement\":[{\"@type\":\"ListItem\",\"position\":1,\"name\":\"Home\",\"item\":\"https:\\\/\\\/torino.photos\\\/today\\\/\"},{\"@type\":\"ListItem\",\"position\":2,\"name\":\"Pronto? Silenzio. \u00c8 il call center fantasma!\"}]},{\"@type\":\"WebSite\",\"@id\":\"https:\\\/\\\/torino.photos\\\/today\\\/#website\",\"url\":\"https:\\\/\\\/torino.photos\\\/today\\\/\",\"name\":\"Torino Photos\",\"description\":\"Voci e immagini della citt\u00e0\",\"publisher\":{\"@id\":\"https:\\\/\\\/torino.photos\\\/today\\\/#organization\"},\"potentialAction\":[{\"@type\":\"SearchAction\",\"target\":{\"@type\":\"EntryPoint\",\"urlTemplate\":\"https:\\\/\\\/torino.photos\\\/today\\\/?s={search_term_string}\"},\"query-input\":{\"@type\":\"PropertyValueSpecification\",\"valueRequired\":true,\"valueName\":\"search_term_string\"}}],\"inLanguage\":\"it-IT\"},{\"@type\":\"Organization\",\"@id\":\"https:\\\/\\\/torino.photos\\\/today\\\/#organization\",\"name\":\"Guzzo Photos & Graphic Publications\",\"url\":\"https:\\\/\\\/torino.photos\\\/today\\\/\",\"logo\":{\"@type\":\"ImageObject\",\"inLanguage\":\"it-IT\",\"@id\":\"https:\\\/\\\/torino.photos\\\/today\\\/#\\\/schema\\\/logo\\\/image\\\/\",\"url\":\"https:\\\/\\\/torino.photos\\\/today\\\/images\\\/2025\\\/05\\\/favicon.png\",\"contentUrl\":\"https:\\\/\\\/torino.photos\\\/today\\\/images\\\/2025\\\/05\\\/favicon.png\",\"width\":402,\"height\":402,\"caption\":\"Guzzo Photos & Graphic Publications\"},\"image\":{\"@id\":\"https:\\\/\\\/torino.photos\\\/today\\\/#\\\/schema\\\/logo\\\/image\\\/\"}},{\"@type\":\"Person\",\"@id\":\"https:\\\/\\\/torino.photos\\\/today\\\/#\\\/schema\\\/person\\\/4665c9e760dd0acfed8e0e64d278579e\",\"name\":\"rubines\",\"sameAs\":[\"https:\\\/\\\/torino.photos\\\/today\"],\"url\":\"https:\\\/\\\/torino.photos\\\/today\\\/author\\\/rubines\\\/\"}]}<\/script>\n<!-- \/ Yoast SEO plugin. -->","yoast_head_json":{"title":"Pronto? Silenzio. \u00c8 il call center fantasma! - Torino Photos","robots":{"index":"index","follow":"follow","max-snippet":"max-snippet:-1","max-image-preview":"max-image-preview:large","max-video-preview":"max-video-preview:-1"},"canonical":"https:\/\/torino.photos\/today\/2025\/05\/pronto-silenzio-e-il-call-center-fantasma\/","og_locale":"it_IT","og_type":"article","og_title":"Pronto? Silenzio. \u00c8 il call center fantasma! - Torino Photos","og_description":"Ormai \u00e8 un classico dell\u2019horror contemporaneo: squilla il telefono, corriamo con il cuore in gola pensando che sia il corriere con il pacco, la nonna&#8230;","og_url":"https:\/\/torino.photos\/today\/2025\/05\/pronto-silenzio-e-il-call-center-fantasma\/","og_site_name":"Torino Photos","article_published_time":"2025-05-28T10:20:49+00:00","article_modified_time":"2025-05-28T10:20:50+00:00","og_image":[{"width":600,"height":621,"url":"https:\/\/torino.photos\/today\/images\/2025\/05\/telefonate-fantasma.jpg","type":"image\/jpeg"}],"author":"rubines","twitter_card":"summary_large_image","twitter_misc":{"Scritto da":"rubines","Tempo di lettura stimato":"2 minuti"},"schema":{"@context":"https:\/\/schema.org","@graph":[{"@type":"Article","@id":"https:\/\/torino.photos\/today\/2025\/05\/pronto-silenzio-e-il-call-center-fantasma\/#article","isPartOf":{"@id":"https:\/\/torino.photos\/today\/2025\/05\/pronto-silenzio-e-il-call-center-fantasma\/"},"author":{"name":"rubines","@id":"https:\/\/torino.photos\/today\/#\/schema\/person\/4665c9e760dd0acfed8e0e64d278579e"},"headline":"Pronto? Silenzio. \u00c8 il call center fantasma!","datePublished":"2025-05-28T10:20:49+00:00","dateModified":"2025-05-28T10:20:50+00:00","mainEntityOfPage":{"@id":"https:\/\/torino.photos\/today\/2025\/05\/pronto-silenzio-e-il-call-center-fantasma\/"},"wordCount":344,"publisher":{"@id":"https:\/\/torino.photos\/today\/#organization"},"image":{"@id":"https:\/\/torino.photos\/today\/2025\/05\/pronto-silenzio-e-il-call-center-fantasma\/#primaryimage"},"thumbnailUrl":"https:\/\/torino.photos\/today\/images\/2025\/05\/telefonate-fantasma.jpg","articleSection":["Vita quotidiana"],"inLanguage":"it-IT"},{"@type":"WebPage","@id":"https:\/\/torino.photos\/today\/2025\/05\/pronto-silenzio-e-il-call-center-fantasma\/","url":"https:\/\/torino.photos\/today\/2025\/05\/pronto-silenzio-e-il-call-center-fantasma\/","name":"Pronto? Silenzio. \u00c8 il call center fantasma! - Torino Photos","isPartOf":{"@id":"https:\/\/torino.photos\/today\/#website"},"primaryImageOfPage":{"@id":"https:\/\/torino.photos\/today\/2025\/05\/pronto-silenzio-e-il-call-center-fantasma\/#primaryimage"},"image":{"@id":"https:\/\/torino.photos\/today\/2025\/05\/pronto-silenzio-e-il-call-center-fantasma\/#primaryimage"},"thumbnailUrl":"https:\/\/torino.photos\/today\/images\/2025\/05\/telefonate-fantasma.jpg","datePublished":"2025-05-28T10:20:49+00:00","dateModified":"2025-05-28T10:20:50+00:00","breadcrumb":{"@id":"https:\/\/torino.photos\/today\/2025\/05\/pronto-silenzio-e-il-call-center-fantasma\/#breadcrumb"},"inLanguage":"it-IT","potentialAction":[{"@type":"ReadAction","target":["https:\/\/torino.photos\/today\/2025\/05\/pronto-silenzio-e-il-call-center-fantasma\/"]}]},{"@type":"ImageObject","inLanguage":"it-IT","@id":"https:\/\/torino.photos\/today\/2025\/05\/pronto-silenzio-e-il-call-center-fantasma\/#primaryimage","url":"https:\/\/torino.photos\/today\/images\/2025\/05\/telefonate-fantasma.jpg","contentUrl":"https:\/\/torino.photos\/today\/images\/2025\/05\/telefonate-fantasma.jpg","width":600,"height":621,"caption":"Torino.photos"},{"@type":"BreadcrumbList","@id":"https:\/\/torino.photos\/today\/2025\/05\/pronto-silenzio-e-il-call-center-fantasma\/#breadcrumb","itemListElement":[{"@type":"ListItem","position":1,"name":"Home","item":"https:\/\/torino.photos\/today\/"},{"@type":"ListItem","position":2,"name":"Pronto? Silenzio. \u00c8 il call center fantasma!"}]},{"@type":"WebSite","@id":"https:\/\/torino.photos\/today\/#website","url":"https:\/\/torino.photos\/today\/","name":"Torino Photos","description":"Voci e immagini della citt\u00e0","publisher":{"@id":"https:\/\/torino.photos\/today\/#organization"},"potentialAction":[{"@type":"SearchAction","target":{"@type":"EntryPoint","urlTemplate":"https:\/\/torino.photos\/today\/?s={search_term_string}"},"query-input":{"@type":"PropertyValueSpecification","valueRequired":true,"valueName":"search_term_string"}}],"inLanguage":"it-IT"},{"@type":"Organization","@id":"https:\/\/torino.photos\/today\/#organization","name":"Guzzo Photos & Graphic Publications","url":"https:\/\/torino.photos\/today\/","logo":{"@type":"ImageObject","inLanguage":"it-IT","@id":"https:\/\/torino.photos\/today\/#\/schema\/logo\/image\/","url":"https:\/\/torino.photos\/today\/images\/2025\/05\/favicon.png","contentUrl":"https:\/\/torino.photos\/today\/images\/2025\/05\/favicon.png","width":402,"height":402,"caption":"Guzzo Photos & Graphic Publications"},"image":{"@id":"https:\/\/torino.photos\/today\/#\/schema\/logo\/image\/"}},{"@type":"Person","@id":"https:\/\/torino.photos\/today\/#\/schema\/person\/4665c9e760dd0acfed8e0e64d278579e","name":"rubines","sameAs":["https:\/\/torino.photos\/today"],"url":"https:\/\/torino.photos\/today\/author\/rubines\/"}]}},"views":269,"_links":{"self":[{"href":"https:\/\/torino.photos\/today\/wp-json\/wp\/v2\/posts\/23","targetHints":{"allow":["GET"]}}],"collection":[{"href":"https:\/\/torino.photos\/today\/wp-json\/wp\/v2\/posts"}],"about":[{"href":"https:\/\/torino.photos\/today\/wp-json\/wp\/v2\/types\/post"}],"author":[{"embeddable":true,"href":"https:\/\/torino.photos\/today\/wp-json\/wp\/v2\/users\/1"}],"replies":[{"embeddable":true,"href":"https:\/\/torino.photos\/today\/wp-json\/wp\/v2\/comments?post=23"}],"version-history":[{"count":0,"href":"https:\/\/torino.photos\/today\/wp-json\/wp\/v2\/posts\/23\/revisions"}],"wp:featuredmedia":[{"embeddable":true,"href":"https:\/\/torino.photos\/today\/wp-json\/wp\/v2\/media\/24"}],"wp:attachment":[{"href":"https:\/\/torino.photos\/today\/wp-json\/wp\/v2\/media?parent=23"}],"wp:term":[{"taxonomy":"category","embeddable":true,"href":"https:\/\/torino.photos\/today\/wp-json\/wp\/v2\/categories?post=23"},{"taxonomy":"post_tag","embeddable":true,"href":"https:\/\/torino.photos\/today\/wp-json\/wp\/v2\/tags?post=23"}],"curies":[{"name":"wp","href":"https:\/\/api.w.org\/{rel}","templated":true}]}}