{"id":105,"date":"2025-12-18T16:40:53","date_gmt":"2025-12-18T15:40:53","guid":{"rendered":"https:\/\/torino.photos\/today\/?p=105"},"modified":"2026-04-28T14:48:53","modified_gmt":"2026-04-28T12:48:53","slug":"askatamasuma-torino","status":"publish","type":"post","link":"https:\/\/torino.photos\/today\/2025\/12\/askatamasuma-torino\/","title":{"rendered":"Askatasuna sgomberata: lo Stato entra, la retorica esce"},"content":{"rendered":"\n<figure class=\"wp-block-image size-large\"><img loading=\"lazy\" decoding=\"async\" width=\"600\" height=\"400\" src=\"https:\/\/torino.photos\/today\/images\/2025\/12\/img_1167.jpg\" alt=\"\" class=\"wp-image-108\" srcset=\"https:\/\/torino.photos\/today\/images\/2025\/12\/img_1167.jpg 600w, https:\/\/torino.photos\/today\/images\/2025\/12\/img_1167-300x200.jpg 300w\" sizes=\"auto, (max-width: 600px) 100vw, 600px\" \/><\/figure>\n\n\n\n<p>All\u2019alba, mentre Torino si preparava a un\u2019altra giornata normale, lo Stato ha bussato forte a corso Regina Margherita 47. Askatasuna, occupato dal 1996 e considerato l\u2019ultimo fortino dell\u2019Autonomia, \u00e8 stato sequestrato e sgomberato dalla Digos. Fine della lunga tregua, fine delle ambiguit\u00e0.<\/p>\n\n\n\n<p>Il ministro Piantedosi non ha perso tempo: \u201cSegnale chiaro dallo Stato, non c\u2019\u00e8 spazio per la violenza\u201d. Traduzione politica: quando i cortei diventano assalti, la tolleranza scade come un permesso provvisorio.<\/p>\n\n\n\n<p>Dentro lo stabile sono stati trovati sei attivisti, in una parte dichiarata inagibile. Dettaglio tecnico? No: \u00e8 la miccia che ha fatto saltare il patto di collaborazione tra Comune e comitato di garanti sui \u201cbeni comuni\u201d. Le regole erano poche, ma andavano rispettate.<\/p>\n\n\n\n<p>Il sindaco prende atto e certifica la violazione delle prescrizioni. Il patto \u00e8 cessato, punto. Dopo anni di equilibrismo amministrativo, la linea \u00e8 improvvisamente dritta. A volte basta un verbale per chiarire ci\u00f2 che la politica rimanda da decenni.<\/p>\n\n\n\n<p>Fuori, la scena \u00e8 quella prevista: reparti mobili, carabinieri, camionette, idranti. Gli antagonisti parlano di \u201cingente dispiegamento\u201d, come se la sorpresa fosse l\u2019intervento e non gli assalti che lo hanno preceduto.<\/p>\n\n\n\n<p>La citt\u00e0, per\u00f2, non \u00e8 un fondale neutro. Corso Regina bloccato, tram deviati, bus sostitutivi. Torino si ferma mentre si discute, ancora una volta, se l\u2019ordine pubblico sia un abuso o una funzione dello Stato.<\/p>\n\n\n\n<p>Il paradosso pi\u00f9 amaro arriva dalle scuole chiuse per sicurezza: nido, materna, elementari. Cinquecento bambini a casa, feste di Natale annullate. La protesta ideologica non ha et\u00e0, ma le conseguenze s\u00ec.<\/p>\n\n\n\n<p>Nel pomeriggio \u00e8 annunciata una manifestazione contro lo sgombero. Nessuna tensione, per ora. Ma il copione \u00e8 noto: piazza contro divisa, slogan contro sigilli, libert\u00e0 invocata e responsabilit\u00e0 rimandata.<\/p>\n\n\n\n<p>Askatasuna significa \u201clibert\u00e0\u201d. Dopo ventinove anni di occupazione, la domanda resta la stessa: libert\u00e0 da cosa e per chi? Lo sgombero non chiude il dibattito, ma chiude un capitolo. E ricorda che, prima o poi, anche i simboli devono fare i conti con la realt\u00e0.<\/p>\n\n\n\n<p><\/p>\n\n\n\n<p>&nbsp;<small>\u270d\ufe0f \u00a9\ufe0f 2025&nbsp; L\u2019Interprete del Codice Silenzioso &#8211; All Rights Reserved<\/small><\/p>\n\n\n\n<p><\/p>\n\n\n<hr style=\"\n    border: none;\n    height: 1px;\n    background: linear-gradient(to right, transparent, #ccc, transparent);\n    margin: 0;\n\" \/>\n<\/p>\n<p><small>\u00a9\ufe0f2025 Guzzo Photos  &#038; Graphic Publications \u2013 All Rights Reserved \u2013 Copyright \u00a9\ufe0f 2025 SalaStampa.eu, world press service \u2013 Guzzo Photos &#038; Graphic Publications \u2013 Registro Editori e Stampatori n. 1441 Turin, Italy<\/small><\/p>\n\n<hr style=\"border: none; height: 1px; background-color: #ccc; margin: 2em 0;\" \/>\n\n <div style=\"max-width:680px; margin:20px auto; padding:12px 16px; display:flex; align-items:center; gap:15px; border:1px solid #ddd; border-radius:12px; background:#fafafa; font-family:Arial, sans-serif;\">\n\n  <!-- Imagen -->\n  <div style=\"flex:0 0 90px; display:flex; align-items:center; justify-content:center;\">\n    <img decoding=\"async\" src=\"https:\/\/blogdiario.info\/magazine\/images\/2026\/04\/bismillah.jpg\" alt=\"Bismillah Bangla Restaurant Torino\" style=\"width:125px; height:125px; object-fit:cover; border-radius:50%;\">\n  <\/div>\n\n  <!-- Texto -->\n  <div style=\"flex:1; text-align:center;\">\n    \n    <div style=\"font-size:17px; color:#0b3d2e; font-weight:bold; margin-bottom:4px;\">\n      Bismillah Bangla Restaurant\n    <\/div>\n\n    <div style=\"font-size:14px; font-style:italic; color:#555; margin-bottom:6px;\">\n      \u201cQui i piatti traducono culture\u201d\n    <\/div>\n\n    <div style=\"font-size:13px; color:#444; margin-bottom:4px;\">\n      Corso Emilia, 1\/E \u2013 Torino\n    <\/div>\n\n    <a href=\"tel:+393896070077\" style=\"font-size:13px; color:#0b3d2e; text-decoration:none; font-weight:bold;\">\n      TEL. (+39) 389 607 0077\n    <\/a>\n\n  <\/div>\n ","protected":false},"excerpt":{"rendered":"<p>Dopo gli assalti alla Stampa, alle Ogr e a Leonardo durante i cortei pro-Palestina, la Digos sigilla lo storico centro sociale di Torino. Piantedosi rivendica il \u201csegnale chiaro\u201d, il Comune chiude il patto, la citt\u00e0 resta bloccata. E il conto lo pagano anche le scuole.<\/p>\n","protected":false},"author":3,"featured_media":108,"comment_status":"closed","ping_status":"closed","sticky":false,"template":"","format":"standard","meta":{"footnotes":""},"categories":[4,7],"tags":[9,8],"class_list":["post-105","post","type-post","status-publish","format-standard","has-post-thumbnail","hentry","category-blogdiario","category-cronaca-urbana","tag-italia","tag-torino","entry"],"yoast_head":"<!-- This site is optimized with the Yoast SEO plugin v27.5 - https:\/\/yoast.com\/product\/yoast-seo-wordpress\/ -->\n<title>Askatasuna sgomberata: lo Stato entra, la retorica esce - Torino Photos<\/title>\n<meta name=\"robots\" content=\"index, follow, max-snippet:-1, max-image-preview:large, max-video-preview:-1\" \/>\n<link rel=\"canonical\" href=\"https:\/\/torino.photos\/today\/2025\/12\/askatamasuma-torino\/\" \/>\n<meta property=\"og:locale\" content=\"it_IT\" \/>\n<meta property=\"og:type\" content=\"article\" \/>\n<meta property=\"og:title\" content=\"Askatasuna sgomberata: lo Stato entra, la retorica esce - Torino Photos\" \/>\n<meta property=\"og:description\" content=\"Dopo gli assalti alla Stampa, alle Ogr e a Leonardo durante i cortei pro-Palestina, la Digos sigilla lo storico centro sociale di Torino. Piantedosi rivendica il \u201csegnale chiaro\u201d, il Comune chiude il patto, la citt\u00e0 resta bloccata. E il conto lo pagano anche le scuole.\" \/>\n<meta property=\"og:url\" content=\"https:\/\/torino.photos\/today\/2025\/12\/askatamasuma-torino\/\" \/>\n<meta property=\"og:site_name\" content=\"Torino Photos\" \/>\n<meta property=\"article:published_time\" content=\"2025-12-18T15:40:53+00:00\" \/>\n<meta property=\"article:modified_time\" content=\"2026-04-28T12:48:53+00:00\" \/>\n<meta property=\"og:image\" content=\"https:\/\/torino.photos\/today\/images\/2025\/12\/img_1167.jpg\" \/>\n\t<meta property=\"og:image:width\" content=\"600\" \/>\n\t<meta property=\"og:image:height\" content=\"400\" \/>\n\t<meta property=\"og:image:type\" content=\"image\/jpeg\" \/>\n<meta name=\"author\" content=\"Il Ciabattino del Vero\" \/>\n<meta name=\"twitter:card\" content=\"summary_large_image\" \/>\n<meta name=\"twitter:label1\" content=\"Scritto da\" \/>\n\t<meta name=\"twitter:data1\" content=\"Il Ciabattino del Vero\" \/>\n\t<meta name=\"twitter:label2\" content=\"Tempo di lettura stimato\" \/>\n\t<meta name=\"twitter:data2\" content=\"3 minuti\" \/>\n<script type=\"application\/ld+json\" class=\"yoast-schema-graph\">{\"@context\":\"https:\\\/\\\/schema.org\",\"@graph\":[{\"@type\":\"Article\",\"@id\":\"https:\\\/\\\/torino.photos\\\/today\\\/2025\\\/12\\\/askatamasuma-torino\\\/#article\",\"isPartOf\":{\"@id\":\"https:\\\/\\\/torino.photos\\\/today\\\/2025\\\/12\\\/askatamasuma-torino\\\/\"},\"author\":{\"name\":\"Il Ciabattino del Vero\",\"@id\":\"https:\\\/\\\/torino.photos\\\/today\\\/#\\\/schema\\\/person\\\/053aaa4f5522f344c52b15d22dbdb274\"},\"headline\":\"Askatasuna sgomberata: lo Stato entra, la retorica esce\",\"datePublished\":\"2025-12-18T15:40:53+00:00\",\"dateModified\":\"2026-04-28T12:48:53+00:00\",\"mainEntityOfPage\":{\"@id\":\"https:\\\/\\\/torino.photos\\\/today\\\/2025\\\/12\\\/askatamasuma-torino\\\/\"},\"wordCount\":378,\"publisher\":{\"@id\":\"https:\\\/\\\/torino.photos\\\/today\\\/#organization\"},\"image\":{\"@id\":\"https:\\\/\\\/torino.photos\\\/today\\\/2025\\\/12\\\/askatamasuma-torino\\\/#primaryimage\"},\"thumbnailUrl\":\"https:\\\/\\\/torino.photos\\\/today\\\/images\\\/2025\\\/12\\\/img_1167.jpg\",\"keywords\":[\"Italia\",\"Torino\"],\"articleSection\":[\".\",\"Cronaca urbana\"],\"inLanguage\":\"it-IT\"},{\"@type\":\"WebPage\",\"@id\":\"https:\\\/\\\/torino.photos\\\/today\\\/2025\\\/12\\\/askatamasuma-torino\\\/\",\"url\":\"https:\\\/\\\/torino.photos\\\/today\\\/2025\\\/12\\\/askatamasuma-torino\\\/\",\"name\":\"Askatasuna sgomberata: lo Stato entra, la retorica esce - Torino Photos\",\"isPartOf\":{\"@id\":\"https:\\\/\\\/torino.photos\\\/today\\\/#website\"},\"primaryImageOfPage\":{\"@id\":\"https:\\\/\\\/torino.photos\\\/today\\\/2025\\\/12\\\/askatamasuma-torino\\\/#primaryimage\"},\"image\":{\"@id\":\"https:\\\/\\\/torino.photos\\\/today\\\/2025\\\/12\\\/askatamasuma-torino\\\/#primaryimage\"},\"thumbnailUrl\":\"https:\\\/\\\/torino.photos\\\/today\\\/images\\\/2025\\\/12\\\/img_1167.jpg\",\"datePublished\":\"2025-12-18T15:40:53+00:00\",\"dateModified\":\"2026-04-28T12:48:53+00:00\",\"breadcrumb\":{\"@id\":\"https:\\\/\\\/torino.photos\\\/today\\\/2025\\\/12\\\/askatamasuma-torino\\\/#breadcrumb\"},\"inLanguage\":\"it-IT\",\"potentialAction\":[{\"@type\":\"ReadAction\",\"target\":[\"https:\\\/\\\/torino.photos\\\/today\\\/2025\\\/12\\\/askatamasuma-torino\\\/\"]}]},{\"@type\":\"ImageObject\",\"inLanguage\":\"it-IT\",\"@id\":\"https:\\\/\\\/torino.photos\\\/today\\\/2025\\\/12\\\/askatamasuma-torino\\\/#primaryimage\",\"url\":\"https:\\\/\\\/torino.photos\\\/today\\\/images\\\/2025\\\/12\\\/img_1167.jpg\",\"contentUrl\":\"https:\\\/\\\/torino.photos\\\/today\\\/images\\\/2025\\\/12\\\/img_1167.jpg\",\"width\":600,\"height\":400},{\"@type\":\"BreadcrumbList\",\"@id\":\"https:\\\/\\\/torino.photos\\\/today\\\/2025\\\/12\\\/askatamasuma-torino\\\/#breadcrumb\",\"itemListElement\":[{\"@type\":\"ListItem\",\"position\":1,\"name\":\"Home\",\"item\":\"https:\\\/\\\/torino.photos\\\/today\\\/\"},{\"@type\":\"ListItem\",\"position\":2,\"name\":\"Askatasuna sgomberata: lo Stato entra, la retorica esce\"}]},{\"@type\":\"WebSite\",\"@id\":\"https:\\\/\\\/torino.photos\\\/today\\\/#website\",\"url\":\"https:\\\/\\\/torino.photos\\\/today\\\/\",\"name\":\"Torino Photos\",\"description\":\"Voci e immagini della citt\u00e0\",\"publisher\":{\"@id\":\"https:\\\/\\\/torino.photos\\\/today\\\/#organization\"},\"potentialAction\":[{\"@type\":\"SearchAction\",\"target\":{\"@type\":\"EntryPoint\",\"urlTemplate\":\"https:\\\/\\\/torino.photos\\\/today\\\/?s={search_term_string}\"},\"query-input\":{\"@type\":\"PropertyValueSpecification\",\"valueRequired\":true,\"valueName\":\"search_term_string\"}}],\"inLanguage\":\"it-IT\"},{\"@type\":\"Organization\",\"@id\":\"https:\\\/\\\/torino.photos\\\/today\\\/#organization\",\"name\":\"Guzzo Photos & Graphic Publications\",\"url\":\"https:\\\/\\\/torino.photos\\\/today\\\/\",\"logo\":{\"@type\":\"ImageObject\",\"inLanguage\":\"it-IT\",\"@id\":\"https:\\\/\\\/torino.photos\\\/today\\\/#\\\/schema\\\/logo\\\/image\\\/\",\"url\":\"https:\\\/\\\/torino.photos\\\/today\\\/images\\\/2025\\\/05\\\/favicon.png\",\"contentUrl\":\"https:\\\/\\\/torino.photos\\\/today\\\/images\\\/2025\\\/05\\\/favicon.png\",\"width\":402,\"height\":402,\"caption\":\"Guzzo Photos & Graphic Publications\"},\"image\":{\"@id\":\"https:\\\/\\\/torino.photos\\\/today\\\/#\\\/schema\\\/logo\\\/image\\\/\"}},{\"@type\":\"Person\",\"@id\":\"https:\\\/\\\/torino.photos\\\/today\\\/#\\\/schema\\\/person\\\/053aaa4f5522f344c52b15d22dbdb274\",\"name\":\"Il Ciabattino del Vero\",\"sameAs\":[\"https:\\\/\\\/torino.photos\"],\"url\":\"https:\\\/\\\/torino.photos\\\/today\\\/author\\\/il-ciabattino-del-vero\\\/\"}]}<\/script>\n<!-- \/ Yoast SEO plugin. -->","yoast_head_json":{"title":"Askatasuna sgomberata: lo Stato entra, la retorica esce - Torino Photos","robots":{"index":"index","follow":"follow","max-snippet":"max-snippet:-1","max-image-preview":"max-image-preview:large","max-video-preview":"max-video-preview:-1"},"canonical":"https:\/\/torino.photos\/today\/2025\/12\/askatamasuma-torino\/","og_locale":"it_IT","og_type":"article","og_title":"Askatasuna sgomberata: lo Stato entra, la retorica esce - Torino Photos","og_description":"Dopo gli assalti alla Stampa, alle Ogr e a Leonardo durante i cortei pro-Palestina, la Digos sigilla lo storico centro sociale di Torino. Piantedosi rivendica il \u201csegnale chiaro\u201d, il Comune chiude il patto, la citt\u00e0 resta bloccata. E il conto lo pagano anche le scuole.","og_url":"https:\/\/torino.photos\/today\/2025\/12\/askatamasuma-torino\/","og_site_name":"Torino Photos","article_published_time":"2025-12-18T15:40:53+00:00","article_modified_time":"2026-04-28T12:48:53+00:00","og_image":[{"width":600,"height":400,"url":"https:\/\/torino.photos\/today\/images\/2025\/12\/img_1167.jpg","type":"image\/jpeg"}],"author":"Il Ciabattino del Vero","twitter_card":"summary_large_image","twitter_misc":{"Scritto da":"Il Ciabattino del Vero","Tempo di lettura stimato":"3 minuti"},"schema":{"@context":"https:\/\/schema.org","@graph":[{"@type":"Article","@id":"https:\/\/torino.photos\/today\/2025\/12\/askatamasuma-torino\/#article","isPartOf":{"@id":"https:\/\/torino.photos\/today\/2025\/12\/askatamasuma-torino\/"},"author":{"name":"Il Ciabattino del Vero","@id":"https:\/\/torino.photos\/today\/#\/schema\/person\/053aaa4f5522f344c52b15d22dbdb274"},"headline":"Askatasuna sgomberata: lo Stato entra, la retorica esce","datePublished":"2025-12-18T15:40:53+00:00","dateModified":"2026-04-28T12:48:53+00:00","mainEntityOfPage":{"@id":"https:\/\/torino.photos\/today\/2025\/12\/askatamasuma-torino\/"},"wordCount":378,"publisher":{"@id":"https:\/\/torino.photos\/today\/#organization"},"image":{"@id":"https:\/\/torino.photos\/today\/2025\/12\/askatamasuma-torino\/#primaryimage"},"thumbnailUrl":"https:\/\/torino.photos\/today\/images\/2025\/12\/img_1167.jpg","keywords":["Italia","Torino"],"articleSection":[".","Cronaca urbana"],"inLanguage":"it-IT"},{"@type":"WebPage","@id":"https:\/\/torino.photos\/today\/2025\/12\/askatamasuma-torino\/","url":"https:\/\/torino.photos\/today\/2025\/12\/askatamasuma-torino\/","name":"Askatasuna sgomberata: lo Stato entra, la retorica esce - Torino Photos","isPartOf":{"@id":"https:\/\/torino.photos\/today\/#website"},"primaryImageOfPage":{"@id":"https:\/\/torino.photos\/today\/2025\/12\/askatamasuma-torino\/#primaryimage"},"image":{"@id":"https:\/\/torino.photos\/today\/2025\/12\/askatamasuma-torino\/#primaryimage"},"thumbnailUrl":"https:\/\/torino.photos\/today\/images\/2025\/12\/img_1167.jpg","datePublished":"2025-12-18T15:40:53+00:00","dateModified":"2026-04-28T12:48:53+00:00","breadcrumb":{"@id":"https:\/\/torino.photos\/today\/2025\/12\/askatamasuma-torino\/#breadcrumb"},"inLanguage":"it-IT","potentialAction":[{"@type":"ReadAction","target":["https:\/\/torino.photos\/today\/2025\/12\/askatamasuma-torino\/"]}]},{"@type":"ImageObject","inLanguage":"it-IT","@id":"https:\/\/torino.photos\/today\/2025\/12\/askatamasuma-torino\/#primaryimage","url":"https:\/\/torino.photos\/today\/images\/2025\/12\/img_1167.jpg","contentUrl":"https:\/\/torino.photos\/today\/images\/2025\/12\/img_1167.jpg","width":600,"height":400},{"@type":"BreadcrumbList","@id":"https:\/\/torino.photos\/today\/2025\/12\/askatamasuma-torino\/#breadcrumb","itemListElement":[{"@type":"ListItem","position":1,"name":"Home","item":"https:\/\/torino.photos\/today\/"},{"@type":"ListItem","position":2,"name":"Askatasuna sgomberata: lo Stato entra, la retorica esce"}]},{"@type":"WebSite","@id":"https:\/\/torino.photos\/today\/#website","url":"https:\/\/torino.photos\/today\/","name":"Torino Photos","description":"Voci e immagini della citt\u00e0","publisher":{"@id":"https:\/\/torino.photos\/today\/#organization"},"potentialAction":[{"@type":"SearchAction","target":{"@type":"EntryPoint","urlTemplate":"https:\/\/torino.photos\/today\/?s={search_term_string}"},"query-input":{"@type":"PropertyValueSpecification","valueRequired":true,"valueName":"search_term_string"}}],"inLanguage":"it-IT"},{"@type":"Organization","@id":"https:\/\/torino.photos\/today\/#organization","name":"Guzzo Photos & Graphic Publications","url":"https:\/\/torino.photos\/today\/","logo":{"@type":"ImageObject","inLanguage":"it-IT","@id":"https:\/\/torino.photos\/today\/#\/schema\/logo\/image\/","url":"https:\/\/torino.photos\/today\/images\/2025\/05\/favicon.png","contentUrl":"https:\/\/torino.photos\/today\/images\/2025\/05\/favicon.png","width":402,"height":402,"caption":"Guzzo Photos & Graphic Publications"},"image":{"@id":"https:\/\/torino.photos\/today\/#\/schema\/logo\/image\/"}},{"@type":"Person","@id":"https:\/\/torino.photos\/today\/#\/schema\/person\/053aaa4f5522f344c52b15d22dbdb274","name":"Il Ciabattino del Vero","sameAs":["https:\/\/torino.photos"],"url":"https:\/\/torino.photos\/today\/author\/il-ciabattino-del-vero\/"}]}},"views":318,"_links":{"self":[{"href":"https:\/\/torino.photos\/today\/wp-json\/wp\/v2\/posts\/105","targetHints":{"allow":["GET"]}}],"collection":[{"href":"https:\/\/torino.photos\/today\/wp-json\/wp\/v2\/posts"}],"about":[{"href":"https:\/\/torino.photos\/today\/wp-json\/wp\/v2\/types\/post"}],"author":[{"embeddable":true,"href":"https:\/\/torino.photos\/today\/wp-json\/wp\/v2\/users\/3"}],"replies":[{"embeddable":true,"href":"https:\/\/torino.photos\/today\/wp-json\/wp\/v2\/comments?post=105"}],"version-history":[{"count":0,"href":"https:\/\/torino.photos\/today\/wp-json\/wp\/v2\/posts\/105\/revisions"}],"wp:featuredmedia":[{"embeddable":true,"href":"https:\/\/torino.photos\/today\/wp-json\/wp\/v2\/media\/108"}],"wp:attachment":[{"href":"https:\/\/torino.photos\/today\/wp-json\/wp\/v2\/media?parent=105"}],"wp:term":[{"taxonomy":"category","embeddable":true,"href":"https:\/\/torino.photos\/today\/wp-json\/wp\/v2\/categories?post=105"},{"taxonomy":"post_tag","embeddable":true,"href":"https:\/\/torino.photos\/today\/wp-json\/wp\/v2\/tags?post=105"}],"curies":[{"name":"wp","href":"https:\/\/api.w.org\/{rel}","templated":true}]}}