{"id":100,"date":"2025-11-28T14:50:22","date_gmt":"2025-11-28T13:50:22","guid":{"rendered":"https:\/\/torino.photos\/today\/?p=100"},"modified":"2025-11-28T15:05:40","modified_gmt":"2025-11-28T14:05:40","slug":"%f0%9f%87%ae%f0%9f%87%b9-torino-aumentano-le-tariffe-e-anche-limmondizia","status":"publish","type":"post","link":"https:\/\/torino.photos\/today\/2025\/11\/%f0%9f%87%ae%f0%9f%87%b9-torino-aumentano-le-tariffe-e-anche-limmondizia\/","title":{"rendered":"\ud83c\uddee\ud83c\uddf9&nbsp;Torino: aumentano le tariffe\u2026 e anche l\u2019immondizia"},"content":{"rendered":"\n<figure class=\"wp-block-image size-large\"><img loading=\"lazy\" decoding=\"async\" width=\"800\" height=\"532\" src=\"https:\/\/torino.photos\/today\/images\/2025\/11\/img_1087.jpg\" alt=\"\" class=\"wp-image-103\" srcset=\"https:\/\/torino.photos\/today\/images\/2025\/11\/img_1087.jpg 800w, https:\/\/torino.photos\/today\/images\/2025\/11\/img_1087-300x200.jpg 300w, https:\/\/torino.photos\/today\/images\/2025\/11\/img_1087-768x511.jpg 768w\" sizes=\"auto, (max-width: 800px) 100vw, 800px\" \/><\/figure>\n\n\n\n<p class=\"p1\">Torino si sveglia con l\u2019ennesima notizia che ormai non stupisce pi\u00f9: aumentano le tariffe comunali e anche l\u2019immondizia. L\u2019equazione \u00e8 sempre la stessa: pi\u00f9 paga il cittadino, peggiore \u00e8 il servizio. Una tradizione che sembra essersi trasformata nella linea ufficiale del Comune.<\/p>\n\n\n\n<p class=\"p1\">Negli ultimi tre anni, la pressione fiscale locale non ha risparmiato nessuno. Imposte e tariffe sono aumentate a pioggia, colpendo famiglie e imprese gi\u00e0 provate dal caro vita e da un\u2019inflazione ostinata.<\/p>\n\n\n\n<p class=\"p1\">Il caso dell\u2019addizionale comunale Irpef \u00e8 emblematico: dal vecchio 0,8% si \u00e8 passati a una struttura progressiva fino all\u20191,2% per chi supera i 50.000 euro l\u2019anno. La soglia di esenzione resta ferma a 11.790 euro. Traduzione: la classe media continua a fare da bancomat.<\/p>\n\n\n\n<p class=\"p1\">Stesso copione per la TARI, aumentata del 6,67% per il biennio 2024\u20132025 con la giustificazione dell\u2019\u201cadeguamento ai costi\u201d. Mentre il Governo riduceva le bollette energetiche, il Comune presentava il conto\u2026 direttamente ai contribuenti.<\/p>\n\n\n\n<p class=\"p1\">La IMU sulle seconde case rimane tra le pi\u00f9 alte d\u2019Italia. Difficile ritoccare al rialzo un\u2019imposta gi\u00e0 record, ma Torino riesce sempre nell\u2019impresa.<\/p>\n\n\n\n<p class=\"p1\">Nel 2023 sono salite anche le tariffe dei parcheggi: da 1 a 1,20 euro, da 1,30 a 1,50, da 1,50 a 1,70 e da 2,50 a 2,80 euro a seconda della zona. Un vero salasso per famiglie che non possono contare su un trasporto pubblico sempre pi\u00f9 caro e meno affidabile.<\/p>\n\n\n\n<p class=\"p1\">E proprio i trasporti raccontano un altro capitolo amaro: i biglietti urbani\/suburbani integrati sono aumentati in media del 15% rispetto al 2021. I biglietti digitali +11,8%, quelli cartacei +17,6%. Tutto ci\u00f2 mentre il Comune parla di mobilit\u00e0 sostenibile\u2026 facendola pagare a caro prezzo.<\/p>\n\n\n\n<p class=\"p1\">Il bilancio \u00e8 semplice e impietoso: i costi aumentano, i servizi crollano e la citt\u00e0 si sporca. Tre anni di rincari senza un miglioramento visibile.<\/p>\n\n\n\n<p class=\"p1\">Ecco, queste sono \u2014per davvero\u2014 le \u201cpolitiche di mobilit\u00e0 sostenibile\u201d del Comune di Torino.<\/p>\n\n\n\n<p><\/p>\n\n\n\n<p>\u270d\ufe0f \u00a92025&nbsp; Il Ciabattino del Vero &#8211; All rights reserved<\/p>\n\n\n\n<p><\/p>\n\n\n<p><small>\u00a9\ufe0f2025  Guzzo Photos  &#038; Graphic Publications \u2013 All Rights Reserved \u2013 Copyright \u00a9\ufe0f 2025 SalaStampa.eu, world press service \u2013 Guzzo Photos &#038; Graphic Publications \u2013 Registro Editori e Stampatori n. 1441 Turin, Italy<\/small><\/p>\n\n\n<p><\/p>\n","protected":false},"excerpt":{"rendered":"<p>La citt\u00e0 predica sostenibilit\u00e0 ma pratica solo tassazione. Tre anni di rincari che spremono i cittadini mentre i servizi peggiorano.<\/p>\n","protected":false},"author":3,"featured_media":103,"comment_status":"closed","ping_status":"","sticky":false,"template":"","format":"standard","meta":{"footnotes":""},"categories":[7,2],"tags":[8],"class_list":["post-100","post","type-post","status-publish","format-standard","has-post-thumbnail","hentry","category-cronaca-urbana","category-vita-quotidiana","tag-torino","entry"],"yoast_head":"<!-- This site is optimized with the Yoast SEO plugin v27.5 - https:\/\/yoast.com\/product\/yoast-seo-wordpress\/ -->\n<title>\ud83c\uddee\ud83c\uddf9&nbsp;Torino: aumentano le tariffe\u2026 e anche l\u2019immondizia - Torino Photos<\/title>\n<meta name=\"robots\" content=\"index, follow, max-snippet:-1, max-image-preview:large, max-video-preview:-1\" \/>\n<link rel=\"canonical\" href=\"https:\/\/torino.photos\/today\/2025\/11\/\ud83c\uddee\ud83c\uddf9-torino-aumentano-le-tariffe-e-anche-limmondizia\/\" \/>\n<meta property=\"og:locale\" content=\"it_IT\" \/>\n<meta property=\"og:type\" content=\"article\" \/>\n<meta property=\"og:title\" content=\"\ud83c\uddee\ud83c\uddf9&nbsp;Torino: aumentano le tariffe\u2026 e anche l\u2019immondizia - Torino Photos\" \/>\n<meta property=\"og:description\" content=\"La citt\u00e0 predica sostenibilit\u00e0 ma pratica solo tassazione. Tre anni di rincari che spremono i cittadini mentre i servizi peggiorano.\" \/>\n<meta property=\"og:url\" content=\"https:\/\/torino.photos\/today\/2025\/11\/\ud83c\uddee\ud83c\uddf9-torino-aumentano-le-tariffe-e-anche-limmondizia\/\" \/>\n<meta property=\"og:site_name\" content=\"Torino Photos\" \/>\n<meta property=\"article:published_time\" content=\"2025-11-28T13:50:22+00:00\" \/>\n<meta property=\"article:modified_time\" content=\"2025-11-28T14:05:40+00:00\" \/>\n<meta property=\"og:image\" content=\"https:\/\/torino.photos\/today\/images\/2025\/11\/img_1087.jpg\" \/>\n\t<meta property=\"og:image:width\" content=\"800\" \/>\n\t<meta property=\"og:image:height\" content=\"532\" \/>\n\t<meta property=\"og:image:type\" content=\"image\/jpeg\" \/>\n<meta name=\"author\" content=\"Il Ciabattino del Vero\" \/>\n<meta name=\"twitter:card\" content=\"summary_large_image\" \/>\n<meta name=\"twitter:label1\" content=\"Scritto da\" \/>\n\t<meta name=\"twitter:data1\" content=\"Il Ciabattino del Vero\" \/>\n\t<meta name=\"twitter:label2\" content=\"Tempo di lettura stimato\" \/>\n\t<meta name=\"twitter:data2\" content=\"2 minuti\" \/>\n<script type=\"application\/ld+json\" class=\"yoast-schema-graph\">{\"@context\":\"https:\\\/\\\/schema.org\",\"@graph\":[{\"@type\":\"Article\",\"@id\":\"https:\\\/\\\/torino.photos\\\/today\\\/2025\\\/11\\\/%f0%9f%87%ae%f0%9f%87%b9-torino-aumentano-le-tariffe-e-anche-limmondizia\\\/#article\",\"isPartOf\":{\"@id\":\"https:\\\/\\\/torino.photos\\\/today\\\/2025\\\/11\\\/%f0%9f%87%ae%f0%9f%87%b9-torino-aumentano-le-tariffe-e-anche-limmondizia\\\/\"},\"author\":{\"name\":\"Il Ciabattino del Vero\",\"@id\":\"https:\\\/\\\/torino.photos\\\/today\\\/#\\\/schema\\\/person\\\/053aaa4f5522f344c52b15d22dbdb274\"},\"headline\":\"\ud83c\uddee\ud83c\uddf9&nbsp;Torino: aumentano le tariffe\u2026 e anche l\u2019immondizia\",\"datePublished\":\"2025-11-28T13:50:22+00:00\",\"dateModified\":\"2025-11-28T14:05:40+00:00\",\"mainEntityOfPage\":{\"@id\":\"https:\\\/\\\/torino.photos\\\/today\\\/2025\\\/11\\\/%f0%9f%87%ae%f0%9f%87%b9-torino-aumentano-le-tariffe-e-anche-limmondizia\\\/\"},\"wordCount\":337,\"publisher\":{\"@id\":\"https:\\\/\\\/torino.photos\\\/today\\\/#organization\"},\"image\":{\"@id\":\"https:\\\/\\\/torino.photos\\\/today\\\/2025\\\/11\\\/%f0%9f%87%ae%f0%9f%87%b9-torino-aumentano-le-tariffe-e-anche-limmondizia\\\/#primaryimage\"},\"thumbnailUrl\":\"https:\\\/\\\/torino.photos\\\/today\\\/images\\\/2025\\\/11\\\/img_1087.jpg\",\"keywords\":[\"Torino\"],\"articleSection\":[\"Cronaca urbana\",\"Vita quotidiana\"],\"inLanguage\":\"it-IT\"},{\"@type\":\"WebPage\",\"@id\":\"https:\\\/\\\/torino.photos\\\/today\\\/2025\\\/11\\\/%f0%9f%87%ae%f0%9f%87%b9-torino-aumentano-le-tariffe-e-anche-limmondizia\\\/\",\"url\":\"https:\\\/\\\/torino.photos\\\/today\\\/2025\\\/11\\\/%f0%9f%87%ae%f0%9f%87%b9-torino-aumentano-le-tariffe-e-anche-limmondizia\\\/\",\"name\":\"\ud83c\uddee\ud83c\uddf9&nbsp;Torino: aumentano le tariffe\u2026 e anche l\u2019immondizia - Torino Photos\",\"isPartOf\":{\"@id\":\"https:\\\/\\\/torino.photos\\\/today\\\/#website\"},\"primaryImageOfPage\":{\"@id\":\"https:\\\/\\\/torino.photos\\\/today\\\/2025\\\/11\\\/%f0%9f%87%ae%f0%9f%87%b9-torino-aumentano-le-tariffe-e-anche-limmondizia\\\/#primaryimage\"},\"image\":{\"@id\":\"https:\\\/\\\/torino.photos\\\/today\\\/2025\\\/11\\\/%f0%9f%87%ae%f0%9f%87%b9-torino-aumentano-le-tariffe-e-anche-limmondizia\\\/#primaryimage\"},\"thumbnailUrl\":\"https:\\\/\\\/torino.photos\\\/today\\\/images\\\/2025\\\/11\\\/img_1087.jpg\",\"datePublished\":\"2025-11-28T13:50:22+00:00\",\"dateModified\":\"2025-11-28T14:05:40+00:00\",\"breadcrumb\":{\"@id\":\"https:\\\/\\\/torino.photos\\\/today\\\/2025\\\/11\\\/%f0%9f%87%ae%f0%9f%87%b9-torino-aumentano-le-tariffe-e-anche-limmondizia\\\/#breadcrumb\"},\"inLanguage\":\"it-IT\",\"potentialAction\":[{\"@type\":\"ReadAction\",\"target\":[\"https:\\\/\\\/torino.photos\\\/today\\\/2025\\\/11\\\/%f0%9f%87%ae%f0%9f%87%b9-torino-aumentano-le-tariffe-e-anche-limmondizia\\\/\"]}]},{\"@type\":\"ImageObject\",\"inLanguage\":\"it-IT\",\"@id\":\"https:\\\/\\\/torino.photos\\\/today\\\/2025\\\/11\\\/%f0%9f%87%ae%f0%9f%87%b9-torino-aumentano-le-tariffe-e-anche-limmondizia\\\/#primaryimage\",\"url\":\"https:\\\/\\\/torino.photos\\\/today\\\/images\\\/2025\\\/11\\\/img_1087.jpg\",\"contentUrl\":\"https:\\\/\\\/torino.photos\\\/today\\\/images\\\/2025\\\/11\\\/img_1087.jpg\",\"width\":800,\"height\":532},{\"@type\":\"BreadcrumbList\",\"@id\":\"https:\\\/\\\/torino.photos\\\/today\\\/2025\\\/11\\\/%f0%9f%87%ae%f0%9f%87%b9-torino-aumentano-le-tariffe-e-anche-limmondizia\\\/#breadcrumb\",\"itemListElement\":[{\"@type\":\"ListItem\",\"position\":1,\"name\":\"Home\",\"item\":\"https:\\\/\\\/torino.photos\\\/today\\\/\"},{\"@type\":\"ListItem\",\"position\":2,\"name\":\"\ud83c\uddee\ud83c\uddf9&nbsp;Torino: aumentano le tariffe\u2026 e anche l\u2019immondizia\"}]},{\"@type\":\"WebSite\",\"@id\":\"https:\\\/\\\/torino.photos\\\/today\\\/#website\",\"url\":\"https:\\\/\\\/torino.photos\\\/today\\\/\",\"name\":\"Torino Photos\",\"description\":\"Voci e immagini della citt\u00e0\",\"publisher\":{\"@id\":\"https:\\\/\\\/torino.photos\\\/today\\\/#organization\"},\"potentialAction\":[{\"@type\":\"SearchAction\",\"target\":{\"@type\":\"EntryPoint\",\"urlTemplate\":\"https:\\\/\\\/torino.photos\\\/today\\\/?s={search_term_string}\"},\"query-input\":{\"@type\":\"PropertyValueSpecification\",\"valueRequired\":true,\"valueName\":\"search_term_string\"}}],\"inLanguage\":\"it-IT\"},{\"@type\":\"Organization\",\"@id\":\"https:\\\/\\\/torino.photos\\\/today\\\/#organization\",\"name\":\"Guzzo Photos & Graphic Publications\",\"url\":\"https:\\\/\\\/torino.photos\\\/today\\\/\",\"logo\":{\"@type\":\"ImageObject\",\"inLanguage\":\"it-IT\",\"@id\":\"https:\\\/\\\/torino.photos\\\/today\\\/#\\\/schema\\\/logo\\\/image\\\/\",\"url\":\"https:\\\/\\\/torino.photos\\\/today\\\/images\\\/2025\\\/05\\\/favicon.png\",\"contentUrl\":\"https:\\\/\\\/torino.photos\\\/today\\\/images\\\/2025\\\/05\\\/favicon.png\",\"width\":402,\"height\":402,\"caption\":\"Guzzo Photos & Graphic Publications\"},\"image\":{\"@id\":\"https:\\\/\\\/torino.photos\\\/today\\\/#\\\/schema\\\/logo\\\/image\\\/\"}},{\"@type\":\"Person\",\"@id\":\"https:\\\/\\\/torino.photos\\\/today\\\/#\\\/schema\\\/person\\\/053aaa4f5522f344c52b15d22dbdb274\",\"name\":\"Il Ciabattino del Vero\",\"sameAs\":[\"https:\\\/\\\/torino.photos\"],\"url\":\"https:\\\/\\\/torino.photos\\\/today\\\/author\\\/il-ciabattino-del-vero\\\/\"}]}<\/script>\n<!-- \/ Yoast SEO plugin. -->","yoast_head_json":{"title":"\ud83c\uddee\ud83c\uddf9&nbsp;Torino: aumentano le tariffe\u2026 e anche l\u2019immondizia - Torino Photos","robots":{"index":"index","follow":"follow","max-snippet":"max-snippet:-1","max-image-preview":"max-image-preview:large","max-video-preview":"max-video-preview:-1"},"canonical":"https:\/\/torino.photos\/today\/2025\/11\/\ud83c\uddee\ud83c\uddf9-torino-aumentano-le-tariffe-e-anche-limmondizia\/","og_locale":"it_IT","og_type":"article","og_title":"\ud83c\uddee\ud83c\uddf9&nbsp;Torino: aumentano le tariffe\u2026 e anche l\u2019immondizia - Torino Photos","og_description":"La citt\u00e0 predica sostenibilit\u00e0 ma pratica solo tassazione. Tre anni di rincari che spremono i cittadini mentre i servizi peggiorano.","og_url":"https:\/\/torino.photos\/today\/2025\/11\/\ud83c\uddee\ud83c\uddf9-torino-aumentano-le-tariffe-e-anche-limmondizia\/","og_site_name":"Torino Photos","article_published_time":"2025-11-28T13:50:22+00:00","article_modified_time":"2025-11-28T14:05:40+00:00","og_image":[{"width":800,"height":532,"url":"https:\/\/torino.photos\/today\/images\/2025\/11\/img_1087.jpg","type":"image\/jpeg"}],"author":"Il Ciabattino del Vero","twitter_card":"summary_large_image","twitter_misc":{"Scritto da":"Il Ciabattino del Vero","Tempo di lettura stimato":"2 minuti"},"schema":{"@context":"https:\/\/schema.org","@graph":[{"@type":"Article","@id":"https:\/\/torino.photos\/today\/2025\/11\/%f0%9f%87%ae%f0%9f%87%b9-torino-aumentano-le-tariffe-e-anche-limmondizia\/#article","isPartOf":{"@id":"https:\/\/torino.photos\/today\/2025\/11\/%f0%9f%87%ae%f0%9f%87%b9-torino-aumentano-le-tariffe-e-anche-limmondizia\/"},"author":{"name":"Il Ciabattino del Vero","@id":"https:\/\/torino.photos\/today\/#\/schema\/person\/053aaa4f5522f344c52b15d22dbdb274"},"headline":"\ud83c\uddee\ud83c\uddf9&nbsp;Torino: aumentano le tariffe\u2026 e anche l\u2019immondizia","datePublished":"2025-11-28T13:50:22+00:00","dateModified":"2025-11-28T14:05:40+00:00","mainEntityOfPage":{"@id":"https:\/\/torino.photos\/today\/2025\/11\/%f0%9f%87%ae%f0%9f%87%b9-torino-aumentano-le-tariffe-e-anche-limmondizia\/"},"wordCount":337,"publisher":{"@id":"https:\/\/torino.photos\/today\/#organization"},"image":{"@id":"https:\/\/torino.photos\/today\/2025\/11\/%f0%9f%87%ae%f0%9f%87%b9-torino-aumentano-le-tariffe-e-anche-limmondizia\/#primaryimage"},"thumbnailUrl":"https:\/\/torino.photos\/today\/images\/2025\/11\/img_1087.jpg","keywords":["Torino"],"articleSection":["Cronaca urbana","Vita quotidiana"],"inLanguage":"it-IT"},{"@type":"WebPage","@id":"https:\/\/torino.photos\/today\/2025\/11\/%f0%9f%87%ae%f0%9f%87%b9-torino-aumentano-le-tariffe-e-anche-limmondizia\/","url":"https:\/\/torino.photos\/today\/2025\/11\/%f0%9f%87%ae%f0%9f%87%b9-torino-aumentano-le-tariffe-e-anche-limmondizia\/","name":"\ud83c\uddee\ud83c\uddf9&nbsp;Torino: aumentano le tariffe\u2026 e anche l\u2019immondizia - Torino Photos","isPartOf":{"@id":"https:\/\/torino.photos\/today\/#website"},"primaryImageOfPage":{"@id":"https:\/\/torino.photos\/today\/2025\/11\/%f0%9f%87%ae%f0%9f%87%b9-torino-aumentano-le-tariffe-e-anche-limmondizia\/#primaryimage"},"image":{"@id":"https:\/\/torino.photos\/today\/2025\/11\/%f0%9f%87%ae%f0%9f%87%b9-torino-aumentano-le-tariffe-e-anche-limmondizia\/#primaryimage"},"thumbnailUrl":"https:\/\/torino.photos\/today\/images\/2025\/11\/img_1087.jpg","datePublished":"2025-11-28T13:50:22+00:00","dateModified":"2025-11-28T14:05:40+00:00","breadcrumb":{"@id":"https:\/\/torino.photos\/today\/2025\/11\/%f0%9f%87%ae%f0%9f%87%b9-torino-aumentano-le-tariffe-e-anche-limmondizia\/#breadcrumb"},"inLanguage":"it-IT","potentialAction":[{"@type":"ReadAction","target":["https:\/\/torino.photos\/today\/2025\/11\/%f0%9f%87%ae%f0%9f%87%b9-torino-aumentano-le-tariffe-e-anche-limmondizia\/"]}]},{"@type":"ImageObject","inLanguage":"it-IT","@id":"https:\/\/torino.photos\/today\/2025\/11\/%f0%9f%87%ae%f0%9f%87%b9-torino-aumentano-le-tariffe-e-anche-limmondizia\/#primaryimage","url":"https:\/\/torino.photos\/today\/images\/2025\/11\/img_1087.jpg","contentUrl":"https:\/\/torino.photos\/today\/images\/2025\/11\/img_1087.jpg","width":800,"height":532},{"@type":"BreadcrumbList","@id":"https:\/\/torino.photos\/today\/2025\/11\/%f0%9f%87%ae%f0%9f%87%b9-torino-aumentano-le-tariffe-e-anche-limmondizia\/#breadcrumb","itemListElement":[{"@type":"ListItem","position":1,"name":"Home","item":"https:\/\/torino.photos\/today\/"},{"@type":"ListItem","position":2,"name":"\ud83c\uddee\ud83c\uddf9&nbsp;Torino: aumentano le tariffe\u2026 e anche l\u2019immondizia"}]},{"@type":"WebSite","@id":"https:\/\/torino.photos\/today\/#website","url":"https:\/\/torino.photos\/today\/","name":"Torino Photos","description":"Voci e immagini della citt\u00e0","publisher":{"@id":"https:\/\/torino.photos\/today\/#organization"},"potentialAction":[{"@type":"SearchAction","target":{"@type":"EntryPoint","urlTemplate":"https:\/\/torino.photos\/today\/?s={search_term_string}"},"query-input":{"@type":"PropertyValueSpecification","valueRequired":true,"valueName":"search_term_string"}}],"inLanguage":"it-IT"},{"@type":"Organization","@id":"https:\/\/torino.photos\/today\/#organization","name":"Guzzo Photos & Graphic Publications","url":"https:\/\/torino.photos\/today\/","logo":{"@type":"ImageObject","inLanguage":"it-IT","@id":"https:\/\/torino.photos\/today\/#\/schema\/logo\/image\/","url":"https:\/\/torino.photos\/today\/images\/2025\/05\/favicon.png","contentUrl":"https:\/\/torino.photos\/today\/images\/2025\/05\/favicon.png","width":402,"height":402,"caption":"Guzzo Photos & Graphic Publications"},"image":{"@id":"https:\/\/torino.photos\/today\/#\/schema\/logo\/image\/"}},{"@type":"Person","@id":"https:\/\/torino.photos\/today\/#\/schema\/person\/053aaa4f5522f344c52b15d22dbdb274","name":"Il Ciabattino del Vero","sameAs":["https:\/\/torino.photos"],"url":"https:\/\/torino.photos\/today\/author\/il-ciabattino-del-vero\/"}]}},"views":556,"_links":{"self":[{"href":"https:\/\/torino.photos\/today\/wp-json\/wp\/v2\/posts\/100","targetHints":{"allow":["GET"]}}],"collection":[{"href":"https:\/\/torino.photos\/today\/wp-json\/wp\/v2\/posts"}],"about":[{"href":"https:\/\/torino.photos\/today\/wp-json\/wp\/v2\/types\/post"}],"author":[{"embeddable":true,"href":"https:\/\/torino.photos\/today\/wp-json\/wp\/v2\/users\/3"}],"replies":[{"embeddable":true,"href":"https:\/\/torino.photos\/today\/wp-json\/wp\/v2\/comments?post=100"}],"version-history":[{"count":0,"href":"https:\/\/torino.photos\/today\/wp-json\/wp\/v2\/posts\/100\/revisions"}],"wp:featuredmedia":[{"embeddable":true,"href":"https:\/\/torino.photos\/today\/wp-json\/wp\/v2\/media\/103"}],"wp:attachment":[{"href":"https:\/\/torino.photos\/today\/wp-json\/wp\/v2\/media?parent=100"}],"wp:term":[{"taxonomy":"category","embeddable":true,"href":"https:\/\/torino.photos\/today\/wp-json\/wp\/v2\/categories?post=100"},{"taxonomy":"post_tag","embeddable":true,"href":"https:\/\/torino.photos\/today\/wp-json\/wp\/v2\/tags?post=100"}],"curies":[{"name":"wp","href":"https:\/\/api.w.org\/{rel}","templated":true}]}}